
{"id":6553,"date":"2011-07-08T09:31:43","date_gmt":"2011-07-08T12:31:43","guid":{"rendered":"http:\/\/www.sudoestehoje.com.br\/novoportal\/?p=6553"},"modified":"2011-07-08T09:56:44","modified_gmt":"2011-07-08T12:56:44","slug":"para-psdb-crise-e-heranca-maldita-de-lula","status":"publish","type":"post","link":"https:\/\/www.sudoestehoje.com.br\/novoportal\/2011\/07\/08\/para-psdb-crise-e-heranca-maldita-de-lula\/","title":{"rendered":"PARA PSDB, CRISE \u00c9 &#8216;HERAN\u00c7A MALDITA&#8217; DE LULA"},"content":{"rendered":"<p style=\"text-align: center;\"><img loading=\"lazy\" decoding=\"async\" class=\"aligncenter\" src=\"http:\/\/www.bahianoticias.com.br\/fotos\/editor\/Image\/SM220.jpg\" alt=\"\" width=\"380\" height=\"361\" \/><\/p>\n<p style=\"text-align: center;\">\u00a0<em><strong>Charge do Borega<\/strong><\/em><\/p>\n<p>\u00a0<\/p>\n<p>Ap\u00f3s a demiss\u00e3o de Alfredo Nascimento (PR) do Minist\u00e9rio dos Transportes, a c\u00fapula do PSDB definiu a atual situa\u00e7\u00e3o do governo Dilma Rousseff como uma \u201cheran\u00e7a maldita \u00e9tica\u201d do governo Lula. Os tucanos insinuaram ainda que outros minist\u00e9rios podem estar \u201ccontaminados\u201dpelo suposto esquema de corrup\u00e7\u00e3o que envolve o PR na pasta dos Transportes.<\/p>\n<p>Em reuni\u00e3o em Belo Horizonte nesta quinta-feira (7) com o presidente da legenda, o deputado S\u00e9rgio Guerra (PE), e o ex-senador Tasso Jereissati (CE), A\u00e9cio Neves tamb\u00e9m comentou o assunto. \u201cSe h\u00e1 uma heran\u00e7a maldita do ponto de vista \u00e9tico, \u00e9 de inteira responsabilidade do atual governo\u201d, declarou.<\/p>\n<p>O encontro tem o objetivo de tra\u00e7ar estrat\u00e9gias para manter a visibilidade de A\u00e9cio na oposi\u00e7\u00e3o durante a crise do governo, j\u00e1 que ele \u00e9 o principal nome tucano para concorrer \u00e0 sucess\u00e3o de Dilma. O senador est\u00e1 afastado do cen\u00e1rio pol\u00edtico de Bras\u00edlia desde junho, quando caiu de um cavalo. Informa\u00e7\u00f5es do jornal <em>Folha de S\u00e3o Paulo<\/em>.<\/p>\n","protected":false},"excerpt":{"rendered":"<p>\u00a0Charge do Borega \u00a0 Ap\u00f3s a demiss\u00e3o de Alfredo Nascimento (PR) do Minist\u00e9rio dos Transportes, a c\u00fapula do PSDB definiu a atual situa\u00e7\u00e3o do governo Dilma Rousseff como uma \u201cheran\u00e7a maldita \u00e9tica\u201d do governo Lula. Os tucanos insinuaram ainda que outros minist\u00e9rios podem estar \u201ccontaminados\u201dpelo suposto esquema de corrup\u00e7\u00e3o que envolve o PR na pasta [&hellip;]<\/p>\n","protected":false},"author":2,"featured_media":0,"comment_status":"open","ping_status":"open","sticky":false,"template":"","format":"standard","meta":{"footnotes":"","_links_to":"","_links_to_target":""},"categories":[1],"tags":[],"class_list":["post-6553","post","type-post","status-publish","format-standard","hentry","category-geral"],"views":1082,"_links":{"self":[{"href":"https:\/\/www.sudoestehoje.com.br\/novoportal\/wp-json\/wp\/v2\/posts\/6553","targetHints":{"allow":["GET"]}}],"collection":[{"href":"https:\/\/www.sudoestehoje.com.br\/novoportal\/wp-json\/wp\/v2\/posts"}],"about":[{"href":"https:\/\/www.sudoestehoje.com.br\/novoportal\/wp-json\/wp\/v2\/types\/post"}],"author":[{"embeddable":true,"href":"https:\/\/www.sudoestehoje.com.br\/novoportal\/wp-json\/wp\/v2\/users\/2"}],"replies":[{"embeddable":true,"href":"https:\/\/www.sudoestehoje.com.br\/novoportal\/wp-json\/wp\/v2\/comments?post=6553"}],"version-history":[{"count":4,"href":"https:\/\/www.sudoestehoje.com.br\/novoportal\/wp-json\/wp\/v2\/posts\/6553\/revisions"}],"predecessor-version":[{"id":6556,"href":"https:\/\/www.sudoestehoje.com.br\/novoportal\/wp-json\/wp\/v2\/posts\/6553\/revisions\/6556"}],"wp:attachment":[{"href":"https:\/\/www.sudoestehoje.com.br\/novoportal\/wp-json\/wp\/v2\/media?parent=6553"}],"wp:term":[{"taxonomy":"category","embeddable":true,"href":"https:\/\/www.sudoestehoje.com.br\/novoportal\/wp-json\/wp\/v2\/categories?post=6553"},{"taxonomy":"post_tag","embeddable":true,"href":"https:\/\/www.sudoestehoje.com.br\/novoportal\/wp-json\/wp\/v2\/tags?post=6553"}],"curies":[{"name":"wp","href":"https:\/\/api.w.org\/{rel}","templated":true}]}}