
{"id":65522,"date":"2017-05-22T10:59:49","date_gmt":"2017-05-22T13:59:49","guid":{"rendered":"http:\/\/www.sudoestehoje.com.br\/novoportal\/?p=65522"},"modified":"2017-05-22T11:09:03","modified_gmt":"2017-05-22T14:09:03","slug":"advogados-de-lula-dilma-temer-e-aecio-se-unem-contra-a-lava-jato","status":"publish","type":"post","link":"https:\/\/www.sudoestehoje.com.br\/novoportal\/2017\/05\/22\/advogados-de-lula-dilma-temer-e-aecio-se-unem-contra-a-lava-jato\/","title":{"rendered":"ADVOGADOS DE LULA, DILMA, TEMER E A\u00c9CIO SE UNEM CONTRA A LAVA JATO"},"content":{"rendered":"<div class=\"content-section content\">\n<div class=\"_6l- __c_\">\n<div class=\"uiScaledImageContainer _6m5 fbStoryAttachmentImage\"><img loading=\"lazy\" decoding=\"async\" class=\"scaledImageFitWidth img\" src=\"https:\/\/external.fgig1-2.fna.fbcdn.net\/safe_image.php?d=AQATEZqsENQH-VSB&amp;w=476&amp;h=249&amp;url=fbstaging%3A%2F%2Fgraph.facebook.com%2Fstaging_resources%2FMDExNjEyMjYzODg1NDUxODMyOjIwMzI2MzUyMjU%3D&amp;cfs=1&amp;upscale=1&amp;sx=0&amp;sy=0&amp;sw=1200&amp;sh=628&amp;_nc_hash=AQAYeoT-i3X9B1EH\" alt=\"\" width=\"499\" height=\"261\" \/><\/div>\n<\/div>\n<p>Em campos opostos nos tribunais, advogados de Michel Temer, Dilma Rousseff, A\u00e9cio Neves e Luiz In\u00e1cio Lula da Silva se juntaram neste domingo, 21, em uma s\u00f3 causa: criticar a condu\u00e7\u00e3o da Opera\u00e7\u00e3o Lava Jato.<\/p>\n<p>Convidado para um jantar em S\u00e3o Paulo em desagravo aos defensores de Lula, o criminalista Antonio Cl\u00e1udio Mariz de Oliveira, defensor e amigo de longa data de Temer, puxou a fila das cr\u00edticas ao juiz S\u00e9rgio Moro.<\/p>\n<p>\u201cEsse homem, que deve ter suas qualidades, tem defeitos como magistrado incompat\u00edveis com a magistratura. Falta-lhe algo que se chama imparcialidade.\u201d Sem citar Moro diretamente, Mariz disse que j\u00e1 ouviu do juiz que \u201cadvogado atrapalha\u201d.<\/p>\n<p>Foi a deixa para Jos\u00e9 Eduardo Cardozo, ex-ministro da Justi\u00e7a e advogado de Dilma no impeachment. \u201cSe algu\u00e9m acha que n\u00f3s (advogados) atrapalhamos, atrapalhamos o arb\u00edtrio e a desonra do Estado de Direito.\u201d<\/p>\n<p>O evento, em um restaurante na zona sul da capital, foi organizado por Alberto Toron, advogado de A\u00e9cio na Lava Jato. O anfitri\u00e3o deu o tom do encontro. \u201cMexeu com um, mexeu com todos.\u201d Para entrar, cada convidado pagou R$ 150, e teve como op\u00e7\u00e3o de prato carne, peixe ou massa com frutos do mar. As informa\u00e7\u00f5es s\u00e3o do jornal <b>O Estado de S. Paulo.<\/b><\/p>\n<p><a href=\"http:\/\/www.sudoestehoje.com.br\/novoportal\/wp-content\/uploads\/2017\/05\/CRISTO-PLANSERV.jpg\"><img loading=\"lazy\" decoding=\"async\" class=\"aligncenter size-medium wp-image-65525\" src=\"http:\/\/www.sudoestehoje.com.br\/novoportal\/wp-content\/uploads\/2017\/05\/CRISTO-PLANSERV-500x167.jpg\" alt=\"\" width=\"500\" height=\"167\" srcset=\"https:\/\/www.sudoestehoje.com.br\/novoportal\/wp-content\/uploads\/2017\/05\/CRISTO-PLANSERV-500x167.jpg 500w, https:\/\/www.sudoestehoje.com.br\/novoportal\/wp-content\/uploads\/2017\/05\/CRISTO-PLANSERV-768x256.jpg 768w, https:\/\/www.sudoestehoje.com.br\/novoportal\/wp-content\/uploads\/2017\/05\/CRISTO-PLANSERV-700x233.jpg 700w, https:\/\/www.sudoestehoje.com.br\/novoportal\/wp-content\/uploads\/2017\/05\/CRISTO-PLANSERV.jpg 960w\" sizes=\"auto, (max-width: 500px) 100vw, 500px\" \/><\/a><\/p>\n<\/div>\n","protected":false},"excerpt":{"rendered":"<p>Em campos opostos nos tribunais, advogados de Michel Temer, Dilma Rousseff, A\u00e9cio Neves e Luiz In\u00e1cio Lula da Silva se juntaram neste domingo, 21, em uma s\u00f3 causa: criticar a condu\u00e7\u00e3o da Opera\u00e7\u00e3o Lava Jato. Convidado para um jantar em S\u00e3o Paulo em desagravo aos defensores de Lula, o criminalista Antonio Cl\u00e1udio Mariz de Oliveira, [&hellip;]<\/p>\n","protected":false},"author":2,"featured_media":0,"comment_status":"open","ping_status":"open","sticky":false,"template":"","format":"standard","meta":{"footnotes":"","_links_to":"","_links_to_target":""},"categories":[1],"tags":[],"class_list":["post-65522","post","type-post","status-publish","format-standard","hentry","category-geral"],"views":1121,"_links":{"self":[{"href":"https:\/\/www.sudoestehoje.com.br\/novoportal\/wp-json\/wp\/v2\/posts\/65522","targetHints":{"allow":["GET"]}}],"collection":[{"href":"https:\/\/www.sudoestehoje.com.br\/novoportal\/wp-json\/wp\/v2\/posts"}],"about":[{"href":"https:\/\/www.sudoestehoje.com.br\/novoportal\/wp-json\/wp\/v2\/types\/post"}],"author":[{"embeddable":true,"href":"https:\/\/www.sudoestehoje.com.br\/novoportal\/wp-json\/wp\/v2\/users\/2"}],"replies":[{"embeddable":true,"href":"https:\/\/www.sudoestehoje.com.br\/novoportal\/wp-json\/wp\/v2\/comments?post=65522"}],"version-history":[{"count":3,"href":"https:\/\/www.sudoestehoje.com.br\/novoportal\/wp-json\/wp\/v2\/posts\/65522\/revisions"}],"predecessor-version":[{"id":65526,"href":"https:\/\/www.sudoestehoje.com.br\/novoportal\/wp-json\/wp\/v2\/posts\/65522\/revisions\/65526"}],"wp:attachment":[{"href":"https:\/\/www.sudoestehoje.com.br\/novoportal\/wp-json\/wp\/v2\/media?parent=65522"}],"wp:term":[{"taxonomy":"category","embeddable":true,"href":"https:\/\/www.sudoestehoje.com.br\/novoportal\/wp-json\/wp\/v2\/categories?post=65522"},{"taxonomy":"post_tag","embeddable":true,"href":"https:\/\/www.sudoestehoje.com.br\/novoportal\/wp-json\/wp\/v2\/tags?post=65522"}],"curies":[{"name":"wp","href":"https:\/\/api.w.org\/{rel}","templated":true}]}}