
{"id":6548,"date":"2011-07-08T01:34:32","date_gmt":"2011-07-08T04:34:32","guid":{"rendered":"http:\/\/www.sudoestehoje.com.br\/novoportal\/?p=6548"},"modified":"2011-07-08T01:34:32","modified_gmt":"2011-07-08T04:34:32","slug":"marina-silva-da-adeus-ao-pv","status":"publish","type":"post","link":"https:\/\/www.sudoestehoje.com.br\/novoportal\/2011\/07\/08\/marina-silva-da-adeus-ao-pv\/","title":{"rendered":"MARINA SILVA D\u00c1 ADEUS AO PV"},"content":{"rendered":"<p style=\"text-align: center;\"><img loading=\"lazy\" decoding=\"async\" src=\"http:\/\/www.bahianoticias.com.br\/fotos\/editor\/Image\/380X280\/marina_silva_adeus_foto_oglobo.jpg\" alt=\"\" width=\"380\" height=\"280\" \/><br \/>\n<em>Marina Silva diz que sa\u00edda do PV n\u00e3o \u00e9 o fim, &#8220;\u00e9 o in\u00edcio&#8221; <\/em><\/p>\n<p>\u00a0<\/p>\n<p>A ex-presidenci\u00e1vel Marina Silva confirmou a sua sa\u00edda do Partido Verde (PV) na tarde desta quinta-feira (7), durante um descontra\u00eddo, mas concorrido evento em S\u00e3o Paulo, com a presen\u00e7a dos principais quadros da legenda. Al\u00e9m de anunciar o fim da sua hist\u00f3ria no PV, do qual fazia parte desde agosto de 2009, a ex-senadora afirmou que n\u00e3o ir\u00e1 criar um novo partido agora, mas sim um movimento que pode desembocar em uma nova sigla ap\u00f3s as pr\u00f3ximas elei\u00e7\u00f5es.<\/p>\n<p>\u201c<em>Eu e outros companheiros estamos nos afastando do partido. (&#8230;) Este n\u00e3o \u00e9 o fim, \u00e9 o in\u00edcio<\/em>\u201d, revelou e filosofou. Sobre a cria\u00e7\u00e3o da nova sigla, ela disse querer a ades\u00e3o de mais gente \u00e0 causa, especialmente de pessoas que n\u00e3o est\u00e3o contentes com o atual sistema pol\u00edtico. Marina foi terceira colocada nas \u00faltimas elei\u00e7\u00f5es presidenciais, com quase 20 milh\u00f5es de votos. BN<\/p>\n","protected":false},"excerpt":{"rendered":"<p>Marina Silva diz que sa\u00edda do PV n\u00e3o \u00e9 o fim, &#8220;\u00e9 o in\u00edcio&#8221; \u00a0 A ex-presidenci\u00e1vel Marina Silva confirmou a sua sa\u00edda do Partido Verde (PV) na tarde desta quinta-feira (7), durante um descontra\u00eddo, mas concorrido evento em S\u00e3o Paulo, com a presen\u00e7a dos principais quadros da legenda. Al\u00e9m de anunciar o fim da [&hellip;]<\/p>\n","protected":false},"author":2,"featured_media":0,"comment_status":"open","ping_status":"open","sticky":false,"template":"","format":"standard","meta":{"footnotes":"","_links_to":"","_links_to_target":""},"categories":[1],"tags":[],"class_list":["post-6548","post","type-post","status-publish","format-standard","hentry","category-geral"],"views":1012,"_links":{"self":[{"href":"https:\/\/www.sudoestehoje.com.br\/novoportal\/wp-json\/wp\/v2\/posts\/6548","targetHints":{"allow":["GET"]}}],"collection":[{"href":"https:\/\/www.sudoestehoje.com.br\/novoportal\/wp-json\/wp\/v2\/posts"}],"about":[{"href":"https:\/\/www.sudoestehoje.com.br\/novoportal\/wp-json\/wp\/v2\/types\/post"}],"author":[{"embeddable":true,"href":"https:\/\/www.sudoestehoje.com.br\/novoportal\/wp-json\/wp\/v2\/users\/2"}],"replies":[{"embeddable":true,"href":"https:\/\/www.sudoestehoje.com.br\/novoportal\/wp-json\/wp\/v2\/comments?post=6548"}],"version-history":[{"count":2,"href":"https:\/\/www.sudoestehoje.com.br\/novoportal\/wp-json\/wp\/v2\/posts\/6548\/revisions"}],"predecessor-version":[{"id":6550,"href":"https:\/\/www.sudoestehoje.com.br\/novoportal\/wp-json\/wp\/v2\/posts\/6548\/revisions\/6550"}],"wp:attachment":[{"href":"https:\/\/www.sudoestehoje.com.br\/novoportal\/wp-json\/wp\/v2\/media?parent=6548"}],"wp:term":[{"taxonomy":"category","embeddable":true,"href":"https:\/\/www.sudoestehoje.com.br\/novoportal\/wp-json\/wp\/v2\/categories?post=6548"},{"taxonomy":"post_tag","embeddable":true,"href":"https:\/\/www.sudoestehoje.com.br\/novoportal\/wp-json\/wp\/v2\/tags?post=6548"}],"curies":[{"name":"wp","href":"https:\/\/api.w.org\/{rel}","templated":true}]}}