
{"id":65475,"date":"2017-05-21T01:46:39","date_gmt":"2017-05-21T04:46:39","guid":{"rendered":"http:\/\/www.sudoestehoje.com.br\/novoportal\/?p=65475"},"modified":"2017-05-21T19:23:28","modified_gmt":"2017-05-21T22:23:28","slug":"governo-da-bahia-abandona-a-cesta-do-povo-e-despreza-trabalhadores","status":"publish","type":"post","link":"https:\/\/www.sudoestehoje.com.br\/novoportal\/2017\/05\/21\/governo-da-bahia-abandona-a-cesta-do-povo-e-despreza-trabalhadores\/","title":{"rendered":"GOVERNO DA BAHIA ABANDONA A CESTA DO POVO E DESPREZA TRABALHADORES"},"content":{"rendered":"<p><a href=\"http:\/\/www.sudoestehoje.com.br\/novoportal\/wp-content\/uploads\/2017\/05\/Marca-PNG-com-Fundo-Branco.png\"><img loading=\"lazy\" decoding=\"async\" class=\"aligncenter size-medium wp-image-65476\" src=\"http:\/\/www.sudoestehoje.com.br\/novoportal\/wp-content\/uploads\/2017\/05\/Marca-PNG-com-Fundo-Branco-500x197.png\" alt=\"\" width=\"500\" height=\"197\" srcset=\"https:\/\/www.sudoestehoje.com.br\/novoportal\/wp-content\/uploads\/2017\/05\/Marca-PNG-com-Fundo-Branco-500x197.png 500w, https:\/\/www.sudoestehoje.com.br\/novoportal\/wp-content\/uploads\/2017\/05\/Marca-PNG-com-Fundo-Branco-768x302.png 768w, https:\/\/www.sudoestehoje.com.br\/novoportal\/wp-content\/uploads\/2017\/05\/Marca-PNG-com-Fundo-Branco-700x275.png 700w, https:\/\/www.sudoestehoje.com.br\/novoportal\/wp-content\/uploads\/2017\/05\/Marca-PNG-com-Fundo-Branco.png 1600w\" sizes=\"auto, (max-width: 500px) 100vw, 500px\" \/><\/a><\/p>\n<p>Uma proposta nada amig\u00e1vel do governo do Estado da Bahia surpreendeu a Associa\u00e7\u00e3o Baiana de Trabalhadores da Ebal\/Cesta do Povo (Abtec) neste m\u00eas de maio. Al\u00e9m de demitir mais de 1.000 funcion\u00e1rios da Cesta do Povo de forma escalonada e ter fechado mais de 150 lojas em todo o Estado, desde que assumiu o cargo de governador, Rui Costa (PT) abriu uma enquete nesta semana para os funcion\u00e1rios que ainda restam nas 60 lojas abertas da Ebal espalhadas nos munic\u00edpios, propondo demiss\u00f5es volunt\u00e1rias sem perda de direitos trabalhistas.<\/p>\n<p>Entretanto, h\u00e1 uma contradi\u00e7\u00e3o nessa proposta: como pode um plano de demiss\u00e3o volunt\u00e1ria garantir direitos trabalhistas se o prop\u00f3sito de tal plano \u00e9 enxugar gastos com gest\u00e3o de pessoas? Essa enquete \u00e9 vista pelo presidente da Associa\u00e7\u00e3o de Trabalhadores da Ebal, Francis Tavares, como resposta ao desespero do governador, uma vez que n\u00e3o conseguiu leiloar a Cesta do Povo e privatiz\u00e1-la.<\/p>\n<p>No dia 28 de junho de 2017 ser\u00e1 realizada a primeira audi\u00eancia da A\u00e7\u00e3o Civil P\u00fablica dos trabalhadores da Ebal\/Cesta do Povo, impetrada pelo Minist\u00e9rio P\u00fablico do Trabalho por conta de uma den\u00fancia da Abtec no segundo semestre de 2016, com a finalidade de reintegrar os funcion\u00e1rios demitidos e tratar da negocia\u00e7\u00e3o do futuro destes funcion\u00e1rios e dos demais que ainda se mant\u00eam em seus postos de trabalhos. Esta A\u00e7\u00e3o Civil P\u00fablica \u00e9 abrangente a todos os trabalhadores da Ebal\/Cesta do Povo, o que inclue os de cargos comissionados e funcion\u00e1rios em exerc\u00edcio.<\/p>\n<p>Nem mesmo os concursados est\u00e3o escapando dos ataques do governo. Assim como tantos outros, uma funcion\u00e1ria da Cesta do Povo da cidade de Jequi\u00e9, que prestou concurso p\u00fablico para o cargo, foi demitida. Contudo, no m\u00eas de abril, a Associa\u00e7\u00e3o conseguiu a reintegra\u00e7\u00e3o da mesma. &#8220;Mesmo com a\u00e7\u00e3o coletiva em andamento impetrada pelo Minist\u00e9rio P\u00fablico do Trabalho, estamos orientando os trabalhadores demitidos da Cesta do Povo a entrarem em contato com o departamento jur\u00eddico e abrirem a\u00e7\u00e3o individual&#8221;. Explica o presidente da Abtec, Francis Tavares.<\/p>\n<p>Segundo Tavares, a Associa\u00e7\u00e3o est\u00e1 planejando a publica\u00e7\u00e3o de outdoors por pelo menos 20 cidades do interior do estado ap\u00f3s os festejos juninos a fim de garantir visibilidade \u00e0 causa dos trabalhadores e pressionar o governador do estado contra as demiss\u00f5es dos empregados p\u00fablicos. Al\u00e9m disso, outras a\u00e7\u00f5es de publiciza\u00e7\u00e3o dos ataques aos trabalhadores e ao sucateamento da Cesta do Povo est\u00e3o sendo planejadas para todo o Estado da Bahia. \/\/Ascom\u00a0Abtec<\/p>\n<p><img loading=\"lazy\" decoding=\"async\" class=\"\" src=\"http:\/\/1.bp.blogspot.com\/-4gMAHRphA6k\/UvMG2q4I0VI\/AAAAAAAA5Fs\/XZTqZPydwPc\/s1600\/supermoda2.jpg\" alt=\"Resultado de imagem para supermoda itapetinga\" width=\"502\" height=\"127\" \/><\/p>\n","protected":false},"excerpt":{"rendered":"<p>Uma proposta nada amig\u00e1vel do governo do Estado da Bahia surpreendeu a Associa\u00e7\u00e3o Baiana de Trabalhadores da Ebal\/Cesta do Povo (Abtec) neste m\u00eas de maio. Al\u00e9m de demitir mais de 1.000 funcion\u00e1rios da Cesta do Povo de forma escalonada e ter fechado mais de 150 lojas em todo o Estado, desde que assumiu o cargo [&hellip;]<\/p>\n","protected":false},"author":2,"featured_media":65476,"comment_status":"open","ping_status":"open","sticky":false,"template":"","format":"standard","meta":{"footnotes":"","_links_to":"","_links_to_target":""},"categories":[1],"tags":[],"class_list":["post-65475","post","type-post","status-publish","format-standard","has-post-thumbnail","hentry","category-geral"],"views":1671,"_links":{"self":[{"href":"https:\/\/www.sudoestehoje.com.br\/novoportal\/wp-json\/wp\/v2\/posts\/65475","targetHints":{"allow":["GET"]}}],"collection":[{"href":"https:\/\/www.sudoestehoje.com.br\/novoportal\/wp-json\/wp\/v2\/posts"}],"about":[{"href":"https:\/\/www.sudoestehoje.com.br\/novoportal\/wp-json\/wp\/v2\/types\/post"}],"author":[{"embeddable":true,"href":"https:\/\/www.sudoestehoje.com.br\/novoportal\/wp-json\/wp\/v2\/users\/2"}],"replies":[{"embeddable":true,"href":"https:\/\/www.sudoestehoje.com.br\/novoportal\/wp-json\/wp\/v2\/comments?post=65475"}],"version-history":[{"count":3,"href":"https:\/\/www.sudoestehoje.com.br\/novoportal\/wp-json\/wp\/v2\/posts\/65475\/revisions"}],"predecessor-version":[{"id":65516,"href":"https:\/\/www.sudoestehoje.com.br\/novoportal\/wp-json\/wp\/v2\/posts\/65475\/revisions\/65516"}],"wp:featuredmedia":[{"embeddable":true,"href":"https:\/\/www.sudoestehoje.com.br\/novoportal\/wp-json\/wp\/v2\/media\/65476"}],"wp:attachment":[{"href":"https:\/\/www.sudoestehoje.com.br\/novoportal\/wp-json\/wp\/v2\/media?parent=65475"}],"wp:term":[{"taxonomy":"category","embeddable":true,"href":"https:\/\/www.sudoestehoje.com.br\/novoportal\/wp-json\/wp\/v2\/categories?post=65475"},{"taxonomy":"post_tag","embeddable":true,"href":"https:\/\/www.sudoestehoje.com.br\/novoportal\/wp-json\/wp\/v2\/tags?post=65475"}],"curies":[{"name":"wp","href":"https:\/\/api.w.org\/{rel}","templated":true}]}}