
{"id":65471,"date":"2017-05-20T19:38:30","date_gmt":"2017-05-20T22:38:30","guid":{"rendered":"http:\/\/www.sudoestehoje.com.br\/novoportal\/?p=65471"},"modified":"2017-05-20T19:56:56","modified_gmt":"2017-05-20T22:56:56","slug":"itapetinga-policia-militar-prende-traficante-helhao-com-9-quilos-de-cocaina","status":"publish","type":"post","link":"https:\/\/www.sudoestehoje.com.br\/novoportal\/2017\/05\/20\/itapetinga-policia-militar-prende-traficante-helhao-com-9-quilos-de-cocaina\/","title":{"rendered":"ITAPETINGA: POL\u00cdCIA MILITAR PRENDE TRAFICANTE &#8220;HELH\u00c3O&#8221; COM 9 QUILOS DE COCA\u00cdNA"},"content":{"rendered":"<p class=\"yiv6580345294msonormal\" style=\"margin: 0cm; margin-bottom: .0001pt; text-align: justify; background: white;\"><a href=\"http:\/\/www.sudoestehoje.com.br\/novoportal\/wp-content\/uploads\/2017\/05\/Opera\u00e7\u00e3o-Conjunta-Chamada.jpg\"><img loading=\"lazy\" decoding=\"async\" class=\"aligncenter size-medium wp-image-65472\" src=\"http:\/\/www.sudoestehoje.com.br\/novoportal\/wp-content\/uploads\/2017\/05\/Opera\u00e7\u00e3o-Conjunta-Chamada-500x279.jpg\" alt=\"\" width=\"500\" height=\"279\" srcset=\"https:\/\/www.sudoestehoje.com.br\/novoportal\/wp-content\/uploads\/2017\/05\/Opera\u00e7\u00e3o-Conjunta-Chamada-500x279.jpg 500w, https:\/\/www.sudoestehoje.com.br\/novoportal\/wp-content\/uploads\/2017\/05\/Opera\u00e7\u00e3o-Conjunta-Chamada-768x429.jpg 768w, https:\/\/www.sudoestehoje.com.br\/novoportal\/wp-content\/uploads\/2017\/05\/Opera\u00e7\u00e3o-Conjunta-Chamada-700x391.jpg 700w\" sizes=\"auto, (max-width: 500px) 100vw, 500px\" \/><\/a><\/p>\n<p class=\"yiv6580345294msonormal\" style=\"margin: 0cm; margin-bottom: .0001pt; text-align: justify; background: white;\"><span style=\"font-family: 'Arial','sans-serif'; color: black;\">Por conta da 47\u00aa Exposi\u00e7\u00e3o agropecu\u00e1ria de Itapetinga, um forte esquema foi montado pela Pol\u00edcia Militar para garantir a seguran\u00e7a da popula\u00e7\u00e3o da cidade e dos visitantes. <\/span><\/p>\n<p class=\"yiv6580345294msonormal\" style=\"margin: 0cm; margin-bottom: .0001pt; text-align: justify; background: white;\"><span style=\"font-family: 'Arial','sans-serif'; color: black;\">\u00a0<\/span><\/p>\n<p class=\"yiv6580345294msonormal\" style=\"margin: 0cm; margin-bottom: .0001pt; text-align: justify; background: white;\"><span style=\"font-family: 'Arial','sans-serif'; color: black;\">Uma das a\u00e7\u00f5es que estavam sendo realizadas na noite dessa sexta (19\/05), foi uma barreira no policial na BA 263, pr\u00f3ximo a entrada do Parque de Exposi\u00e7\u00e3o, composta por guarni\u00e7\u00f5es do PETO da 8\u00aa CIPM, Cipe Cacaueira (Caerc) e Rondesp.<\/span><\/p>\n<p class=\"yiv6580345294msonormal\" style=\"margin: 0cm; margin-bottom: .0001pt; text-align: justify; background: white;\"><span style=\"font-family: 'Arial','sans-serif'; color: black;\">\u00a0<\/span><\/p>\n<p id=\"yui_3_16_0_ym19_1_1495319222082_2579\" class=\"yiv6580345294msonormal\" style=\"margin: 0cm; margin-bottom: .0001pt; text-align: justify; background: white; -webkit-padding-start: 0px; font-variant-ligatures: normal; font-variant-caps: normal; orphans: 2; widows: 2; -webkit-text-stroke-width: 0px; text-decoration-style: initial; text-decoration-color: initial; word-spacing: 0px;\"><span style=\"font-family: 'Arial','sans-serif'; color: black;\">Por volta das 21h30min, os policiais perceberam que um carro vinha em alta velocidade, sentido Itamb\u00e9-Itapetinga. Foi dado ordem para o ve\u00edculo parar e o condutor n\u00e3o obedeceu, furando assim o bloqueio policial. O carro era um Fiat Strada, cor branca, placa de Itapetinga, e o condutor era um indiv\u00edduo, H\u00e9lio Duarte Brito, conhecido como \u2018HELH\u00c3O\u201d, (56 anos), que j\u00e1 havia sido preso pro tr\u00e1fico na cidade. <\/span><\/p>\n<p class=\"yiv6580345294msonormal\" style=\"margin: 0cm; margin-bottom: .0001pt; text-align: justify; background: white;\"><span style=\"font-family: 'Arial','sans-serif'; color: black;\">\u00a0<\/span><\/p>\n<p class=\"yiv6580345294msonormal\" style=\"margin: 0cm; margin-bottom: .0001pt; text-align: justify; background: white;\"><span style=\"font-family: 'Arial','sans-serif'; color: black;\">Prontamente, diante da atitude extremamente suspeita, as guarni\u00e7\u00f5es seguiram no encal\u00e7o do ve\u00edculo, que foi alcan\u00e7ado ainda na estrada, na entrada do bairro Am\u00e9rico Nogueira. <\/span><\/p>\n<p class=\"yiv6580345294msonormal\" style=\"margin: 0cm; margin-bottom: .0001pt; text-align: justify; background: white;\"><span style=\"font-family: 'Arial','sans-serif'; color: black;\">\u00a0<\/span><\/p>\n<p class=\"yiv6580345294msonormal\" style=\"margin: 0cm; margin-bottom: .0001pt; text-align: justify; background: white;\"><span style=\"font-family: 'Arial','sans-serif'; color: black;\">Ao realizar uma busca pelo ve\u00edculo, os policiais notaram que haviam parafusos folgados na ca\u00e7amba da carroceria e, retirando os parafusos, os policiais encontraram 9 quilos de coca\u00edna em barras. <\/span><\/p>\n<p class=\"yiv6580345294msonormal\" style=\"margin: 0cm; margin-bottom: .0001pt; text-align: justify; background: white;\"><span style=\"font-family: 'Arial','sans-serif'; color: black;\">\u00a0<\/span><\/p>\n<p class=\"yiv6580345294msonormal\" style=\"margin: 0cm; margin-bottom: .0001pt; text-align: justify; background: white;\"><span style=\"font-family: 'Arial','sans-serif'; color: black;\">Todo material, junto com o indiv\u00edduo, foram apresentados na Delegacia Territorial de Itapetinga, para a ado\u00e7\u00e3o das medidas legais cab\u00edveis. \/\/ Ascom 8\u00aa CIPM<\/span><\/p>\n<p class=\"yiv6580345294msonormal\" style=\"margin: 0cm; margin-bottom: .0001pt; text-align: justify; background: white;\">\n","protected":false},"excerpt":{"rendered":"<p>Por conta da 47\u00aa Exposi\u00e7\u00e3o agropecu\u00e1ria de Itapetinga, um forte esquema foi montado pela Pol\u00edcia Militar para garantir a seguran\u00e7a da popula\u00e7\u00e3o da cidade e dos visitantes. \u00a0 Uma das a\u00e7\u00f5es que estavam sendo realizadas na noite dessa sexta (19\/05), foi uma barreira no policial na BA 263, pr\u00f3ximo a entrada do Parque de Exposi\u00e7\u00e3o, [&hellip;]<\/p>\n","protected":false},"author":2,"featured_media":65472,"comment_status":"open","ping_status":"open","sticky":false,"template":"","format":"standard","meta":{"footnotes":"","_links_to":"","_links_to_target":""},"categories":[1],"tags":[],"class_list":["post-65471","post","type-post","status-publish","format-standard","has-post-thumbnail","hentry","category-geral"],"views":2682,"_links":{"self":[{"href":"https:\/\/www.sudoestehoje.com.br\/novoportal\/wp-json\/wp\/v2\/posts\/65471","targetHints":{"allow":["GET"]}}],"collection":[{"href":"https:\/\/www.sudoestehoje.com.br\/novoportal\/wp-json\/wp\/v2\/posts"}],"about":[{"href":"https:\/\/www.sudoestehoje.com.br\/novoportal\/wp-json\/wp\/v2\/types\/post"}],"author":[{"embeddable":true,"href":"https:\/\/www.sudoestehoje.com.br\/novoportal\/wp-json\/wp\/v2\/users\/2"}],"replies":[{"embeddable":true,"href":"https:\/\/www.sudoestehoje.com.br\/novoportal\/wp-json\/wp\/v2\/comments?post=65471"}],"version-history":[{"count":4,"href":"https:\/\/www.sudoestehoje.com.br\/novoportal\/wp-json\/wp\/v2\/posts\/65471\/revisions"}],"predecessor-version":[{"id":65479,"href":"https:\/\/www.sudoestehoje.com.br\/novoportal\/wp-json\/wp\/v2\/posts\/65471\/revisions\/65479"}],"wp:featuredmedia":[{"embeddable":true,"href":"https:\/\/www.sudoestehoje.com.br\/novoportal\/wp-json\/wp\/v2\/media\/65472"}],"wp:attachment":[{"href":"https:\/\/www.sudoestehoje.com.br\/novoportal\/wp-json\/wp\/v2\/media?parent=65471"}],"wp:term":[{"taxonomy":"category","embeddable":true,"href":"https:\/\/www.sudoestehoje.com.br\/novoportal\/wp-json\/wp\/v2\/categories?post=65471"},{"taxonomy":"post_tag","embeddable":true,"href":"https:\/\/www.sudoestehoje.com.br\/novoportal\/wp-json\/wp\/v2\/tags?post=65471"}],"curies":[{"name":"wp","href":"https:\/\/api.w.org\/{rel}","templated":true}]}}