
{"id":65469,"date":"2017-05-20T20:27:04","date_gmt":"2017-05-20T23:27:04","guid":{"rendered":"http:\/\/www.sudoestehoje.com.br\/novoportal\/?p=65469"},"modified":"2017-05-23T08:30:29","modified_gmt":"2017-05-23T11:30:29","slug":"itapetinga-grade-do-sao-joao-e-anunciada-durante-exposicao-agropecuaria","status":"publish","type":"post","link":"https:\/\/www.sudoestehoje.com.br\/novoportal\/2017\/05\/20\/itapetinga-grade-do-sao-joao-e-anunciada-durante-exposicao-agropecuaria\/","title":{"rendered":"ITAPETINGA: GRADE DO S\u00c3O JO\u00c3O \u00c9 ANUNCIADA DURANTE EXPOSI\u00c7\u00c3O AGROPECU\u00c1RIA"},"content":{"rendered":"<p><a href=\"http:\/\/www.sudoestehoje.com.br\/novoportal\/wp-content\/uploads\/2017\/05\/Exp-1.jpg\"><img loading=\"lazy\" decoding=\"async\" class=\"aligncenter size-medium wp-image-65480\" src=\"http:\/\/www.sudoestehoje.com.br\/novoportal\/wp-content\/uploads\/2017\/05\/Exp-1-500x333.jpg\" alt=\"\" width=\"500\" height=\"333\" srcset=\"https:\/\/www.sudoestehoje.com.br\/novoportal\/wp-content\/uploads\/2017\/05\/Exp-1-500x333.jpg 500w, https:\/\/www.sudoestehoje.com.br\/novoportal\/wp-content\/uploads\/2017\/05\/Exp-1-768x512.jpg 768w, https:\/\/www.sudoestehoje.com.br\/novoportal\/wp-content\/uploads\/2017\/05\/Exp-1-700x467.jpg 700w, https:\/\/www.sudoestehoje.com.br\/novoportal\/wp-content\/uploads\/2017\/05\/Exp-1.jpg 960w\" sizes=\"auto, (max-width: 500px) 100vw, 500px\" \/><\/a><\/p>\n<p>Na noite desta sexta-feira, no Parque de Exposi\u00e7\u00f5es, o prefeito de Itapetinga anunciou pessoalmente a programa\u00e7\u00e3o do S\u00e3o Jo\u00e3o de Itapetinga, que ser\u00e1 realizado de 22 a 25 de junho, no Parque Poliesportivo da Lagoa.<\/p>\n<p><a href=\"http:\/\/www.sudoestehoje.com.br\/novoportal\/wp-content\/uploads\/2017\/05\/Exp-2.jpg\"><img loading=\"lazy\" decoding=\"async\" class=\"aligncenter size-medium wp-image-65481\" src=\"http:\/\/www.sudoestehoje.com.br\/novoportal\/wp-content\/uploads\/2017\/05\/Exp-2-500x333.jpg\" alt=\"\" width=\"500\" height=\"333\" srcset=\"https:\/\/www.sudoestehoje.com.br\/novoportal\/wp-content\/uploads\/2017\/05\/Exp-2-500x333.jpg 500w, https:\/\/www.sudoestehoje.com.br\/novoportal\/wp-content\/uploads\/2017\/05\/Exp-2-768x512.jpg 768w, https:\/\/www.sudoestehoje.com.br\/novoportal\/wp-content\/uploads\/2017\/05\/Exp-2-700x467.jpg 700w, https:\/\/www.sudoestehoje.com.br\/novoportal\/wp-content\/uploads\/2017\/05\/Exp-2.jpg 960w\" sizes=\"auto, (max-width: 500px) 100vw, 500px\" \/><\/a><\/p>\n<p>De acordo com o prefeito Rodrigo Hagge, a tradicional festa junina ter\u00e1 uma programa\u00e7\u00e3o mais modesta, \u00e0 altura das atuais condi\u00e7\u00f5es financeiras do munic\u00edpio, por\u00e9m com muita criatividade e novidades na sua realiza\u00e7\u00e3o.<\/p>\n<p>Confira as atra\u00e7\u00f5es e programa\u00e7\u00e3o do \u201cArrai\u00e1 do Vaqueiro\u201d:<\/p>\n<p><strong>22\/06 QUINTA- FEIRA<\/strong><\/p>\n<p>LARISSA GOMES<br \/>\nSIVIRINA XIQUE-XIQUE<br \/>\nKAIO OLIVEIRA<br \/>\nD\u00b4LYRA<\/p>\n<p><strong>23\/06 SEXTA-FEIRA<\/strong><\/p>\n<p>CARLOTA JOAQUINA<br \/>\nBOTECO DAS AMIGAS<br \/>\nMARLUS VIANA<br \/>\nXAVECO<\/p>\n<p><strong>24\/06 S\u00c1BADO<\/strong><\/p>\n<p>PAULA MATOS<br \/>\nRANEICHAS<br \/>\nFARRA DA DIVA<br \/>\nSUZY A TOP<\/p>\n<p><strong>25\/06 DOMINGO<\/strong><\/p>\n<p>FORR\u00d3 ANJO AZUL<br \/>\nSERGINHO D\u00cd GOIAS<br \/>\nJU\u00c1 DA BAHIA<br \/>\nZABUMBAHIA<\/p>\n<p><img decoding=\"async\" src=\"http:\/\/www.sudoestehoje.com.br\/novoportal\/wp-content\/uploads\/2014\/11\/Logomarca-HB-Sementes-500x134.jpg\" alt=\"Resultado de imagem para HB RA\u00c7\u00d5ES ITAPETINGA\" \/><\/p>\n","protected":false},"excerpt":{"rendered":"<p>Na noite desta sexta-feira, no Parque de Exposi\u00e7\u00f5es, o prefeito de Itapetinga anunciou pessoalmente a programa\u00e7\u00e3o do S\u00e3o Jo\u00e3o de Itapetinga, que ser\u00e1 realizado de 22 a 25 de junho, no Parque Poliesportivo da Lagoa. De acordo com o prefeito Rodrigo Hagge, a tradicional festa junina ter\u00e1 uma programa\u00e7\u00e3o mais modesta, \u00e0 altura das atuais [&hellip;]<\/p>\n","protected":false},"author":2,"featured_media":65480,"comment_status":"open","ping_status":"open","sticky":false,"template":"","format":"standard","meta":{"footnotes":"","_links_to":"","_links_to_target":""},"categories":[1],"tags":[],"class_list":["post-65469","post","type-post","status-publish","format-standard","has-post-thumbnail","hentry","category-geral"],"views":2536,"_links":{"self":[{"href":"https:\/\/www.sudoestehoje.com.br\/novoportal\/wp-json\/wp\/v2\/posts\/65469","targetHints":{"allow":["GET"]}}],"collection":[{"href":"https:\/\/www.sudoestehoje.com.br\/novoportal\/wp-json\/wp\/v2\/posts"}],"about":[{"href":"https:\/\/www.sudoestehoje.com.br\/novoportal\/wp-json\/wp\/v2\/types\/post"}],"author":[{"embeddable":true,"href":"https:\/\/www.sudoestehoje.com.br\/novoportal\/wp-json\/wp\/v2\/users\/2"}],"replies":[{"embeddable":true,"href":"https:\/\/www.sudoestehoje.com.br\/novoportal\/wp-json\/wp\/v2\/comments?post=65469"}],"version-history":[{"count":4,"href":"https:\/\/www.sudoestehoje.com.br\/novoportal\/wp-json\/wp\/v2\/posts\/65469\/revisions"}],"predecessor-version":[{"id":65541,"href":"https:\/\/www.sudoestehoje.com.br\/novoportal\/wp-json\/wp\/v2\/posts\/65469\/revisions\/65541"}],"wp:featuredmedia":[{"embeddable":true,"href":"https:\/\/www.sudoestehoje.com.br\/novoportal\/wp-json\/wp\/v2\/media\/65480"}],"wp:attachment":[{"href":"https:\/\/www.sudoestehoje.com.br\/novoportal\/wp-json\/wp\/v2\/media?parent=65469"}],"wp:term":[{"taxonomy":"category","embeddable":true,"href":"https:\/\/www.sudoestehoje.com.br\/novoportal\/wp-json\/wp\/v2\/categories?post=65469"},{"taxonomy":"post_tag","embeddable":true,"href":"https:\/\/www.sudoestehoje.com.br\/novoportal\/wp-json\/wp\/v2\/tags?post=65469"}],"curies":[{"name":"wp","href":"https:\/\/api.w.org\/{rel}","templated":true}]}}