
{"id":65457,"date":"2017-05-20T12:46:34","date_gmt":"2017-05-20T15:46:34","guid":{"rendered":"http:\/\/www.sudoestehoje.com.br\/novoportal\/?p=65457"},"modified":"2017-05-22T10:44:57","modified_gmt":"2017-05-22T13:44:57","slug":"confirmado-alecio-abandona-otto-cai-nos-bracos-de-rosemberg-e-assume-direc","status":"publish","type":"post","link":"https:\/\/www.sudoestehoje.com.br\/novoportal\/2017\/05\/20\/confirmado-alecio-abandona-otto-cai-nos-bracos-de-rosemberg-e-assume-direc\/","title":{"rendered":"CONFIRMADO: AL\u00c9CIO ABANDONA OTTO, CAI NOS BRA\u00c7OS DE ROSEMBERG E VAI ASSUMIR DIREC"},"content":{"rendered":"<div id=\"attachment_65460\" style=\"width: 510px\" class=\"wp-caption aligncenter\"><a href=\"http:\/\/www.sudoestehoje.com.br\/novoportal\/wp-content\/uploads\/2017\/05\/sibele-e-al\u00e9cio.jpg\"><img loading=\"lazy\" decoding=\"async\" aria-describedby=\"caption-attachment-65460\" class=\"size-medium wp-image-65460\" src=\"http:\/\/www.sudoestehoje.com.br\/novoportal\/wp-content\/uploads\/2017\/05\/sibele-e-al\u00e9cio-500x333.jpg\" alt=\"\" width=\"500\" height=\"333\" srcset=\"https:\/\/www.sudoestehoje.com.br\/novoportal\/wp-content\/uploads\/2017\/05\/sibele-e-al\u00e9cio-500x333.jpg 500w, https:\/\/www.sudoestehoje.com.br\/novoportal\/wp-content\/uploads\/2017\/05\/sibele-e-al\u00e9cio-768x512.jpg 768w, https:\/\/www.sudoestehoje.com.br\/novoportal\/wp-content\/uploads\/2017\/05\/sibele-e-al\u00e9cio-700x466.jpg 700w, https:\/\/www.sudoestehoje.com.br\/novoportal\/wp-content\/uploads\/2017\/05\/sibele-e-al\u00e9cio.jpg 1024w\" sizes=\"auto, (max-width: 500px) 100vw, 500px\" \/><\/a><p id=\"caption-attachment-65460\" class=\"wp-caption-text\"><strong>DUPLA AL\u00c9CIO CHAVES E SIBELE NERY V\u00c3O DIRIGIR O N\u00daCLEO REGIONAL DE EDUCA\u00c7\u00c3O, NOMEADOS POR INDICA\u00c7\u00c3O DE ROSEMBERG PINTO<\/strong><\/p><\/div>\n<p>Depois de romper com Z\u00e9 Carlos, rachar o PT de Rosemberg e assumir a candidatura a prefeito pelo PSD do senador Otto Alencar, o ex vice prefeito de Itapetinga, Al\u00e9cio Chaves, n\u00e3o resistiu ao &#8216;canto da sereia&#8217; e voltou aos bra\u00e7os do deputado petista, de quem havia at\u00e9 dispensado apoio nas \u00faltimas elei\u00e7\u00f5es municipais, sob a alega\u00e7\u00e3o de que a presen\u00e7a do PT no seu palanque poderia &#8220;queimar o filme&#8221; junto ao eleitorado.<\/p>\n<p>Em novembro de 2016, o Sudoeste Hoje postou mat\u00e9ria aventando a possibilidade de Al\u00e9cio vir a ocupar uma posi\u00e7\u00e3o de destaque em algum \u00f3rg\u00e3o do Estado, via Otto Alencar, dada a vota\u00e7\u00e3o que obteve para prefeito (cerca de 7 mil votos), o que foi solenemente descartado pela assessoria do deputado Rosemberg, em contato com este blog, sob a alega\u00e7\u00e3o de que Al\u00e9cio havia &#8220;tra\u00eddo o grupo&#8221; e contribu\u00eddo para o esfacelamento do PT em Itapetinga.<\/p>\n<p>Um conhecido assessor do deputado petista chegou a dizer ao editor deste blog, via rede social, \u00a0que todos os cargos do governo em Itapetinga pertenceria ao deputado petista e que Al\u00e9cio n\u00e3o iria &#8220;chupar nada&#8221;, por ter tra\u00eddo o grupo do ex-prefeito de dispensado o apoio de Rosemberg na elei\u00e7\u00e3o para prefeito, deixando o PT na rua da amargura, sem conseguir eleger um vereador sequer.<\/p>\n<p>JUNTANDO OS CACOS<\/p>\n<p>Como a pol\u00edtica \u00e9 din\u00e2mica e diante da necessidade de recompor suas antigas bases de apoio para n\u00e3o passar vergonha em 2018, o deputado voltou a procurar Al\u00e9cio Chaves, propondo a sua nomea\u00e7\u00e3o para o cargo de Coordenador do NRE-8 (antiga Direc), o que foi aceito na hora, juntando, assim, <em>&#8220;a fome com a vontade de comer&#8217;.<\/em><\/p>\n<p>ESPERANDO A APOSENTADORIA DE GENIRA<\/p>\n<p>Com tudo acertado, mesmo \u00e0 revelia do senador Otto Alencar e sem dar nenhuma satisfa\u00e7\u00e3o ao Diret\u00f3rio Municipal do PSD, presidido pelo ex-vereador Alfredo Cabral, que declarou ao editor deste blog que n\u00e3o tem mantido contato com Al\u00e9cio nos \u00faltimos meses e que estranha o seu posicionamento em rela\u00e7\u00e3o ao senador, que sempre lhe prestou apoio.<\/p>\n<p>J\u00e1 o irm\u00e3o do senador Otto, o pecuarista C\u00edcero Alencar, ironizou a atitude de Al\u00e9cio, afirmando que ele est\u00e1 na contram\u00e3o da pol\u00edtica baiana, abandonando o PSD para se juntar ao PT, quando a tend\u00eancia em todo a Bahia \u00e9 justamente o contr\u00e1rio.<\/p>\n<p>Pessoa ligada a Al\u00e9cio Chaves informou ao Sudoeste Hoje, na noite de ontem, no Parque de Exposi\u00e7\u00f5es, que o ex vice-prefeito vai mesmo assumir a coordena\u00e7\u00e3o da Direc e que s\u00f3 est\u00e1 aguardando a aposentadoria da atuar coordenadora, Genira, para ser nomeado pelo governador Rui Costa.<\/p>\n<p>COM SIBELE NERY NO CALCANHAR<\/p>\n<p>Pol\u00edtica \u00e0 parte, Al\u00e9cio Chaves \u00e9 um excelente quadro e tem tudo para fazer um bom trabalho \u00e0 frente do \u00f3rg\u00e3o, que carece de gente competente e educada para melhor atender as escolas e profissionais da educa\u00e7\u00e3o, que n\u00e3o aguentam mais a pol\u00edtica de persegui\u00e7\u00e3o implantada no \u00f3rg\u00e3o, nas \u00faltimas gest\u00f5es petistas, tendo como uma das v\u00edtimas a pr\u00f3pria esposa de Al\u00e9cio.<\/p>\n<p>Isto se Sibele Nery, a sub-coordenadora nomeada para &#8216;ficar de olho&#8217;, deixar&#8230;<\/p>\n<p><strong><em>Por Davi Ferraz\u00a0<\/em><\/strong><\/p>\n","protected":false},"excerpt":{"rendered":"<p>Depois de romper com Z\u00e9 Carlos, rachar o PT de Rosemberg e assumir a candidatura a prefeito pelo PSD do senador Otto Alencar, o ex vice prefeito de Itapetinga, Al\u00e9cio Chaves, n\u00e3o resistiu ao &#8216;canto da sereia&#8217; e voltou aos bra\u00e7os do deputado petista, de quem havia at\u00e9 dispensado apoio nas \u00faltimas elei\u00e7\u00f5es municipais, sob [&hellip;]<\/p>\n","protected":false},"author":2,"featured_media":0,"comment_status":"open","ping_status":"open","sticky":false,"template":"","format":"standard","meta":{"footnotes":"","_links_to":"","_links_to_target":""},"categories":[1],"tags":[],"class_list":["post-65457","post","type-post","status-publish","format-standard","hentry","category-geral"],"views":3497,"_links":{"self":[{"href":"https:\/\/www.sudoestehoje.com.br\/novoportal\/wp-json\/wp\/v2\/posts\/65457","targetHints":{"allow":["GET"]}}],"collection":[{"href":"https:\/\/www.sudoestehoje.com.br\/novoportal\/wp-json\/wp\/v2\/posts"}],"about":[{"href":"https:\/\/www.sudoestehoje.com.br\/novoportal\/wp-json\/wp\/v2\/types\/post"}],"author":[{"embeddable":true,"href":"https:\/\/www.sudoestehoje.com.br\/novoportal\/wp-json\/wp\/v2\/users\/2"}],"replies":[{"embeddable":true,"href":"https:\/\/www.sudoestehoje.com.br\/novoportal\/wp-json\/wp\/v2\/comments?post=65457"}],"version-history":[{"count":8,"href":"https:\/\/www.sudoestehoje.com.br\/novoportal\/wp-json\/wp\/v2\/posts\/65457\/revisions"}],"predecessor-version":[{"id":65521,"href":"https:\/\/www.sudoestehoje.com.br\/novoportal\/wp-json\/wp\/v2\/posts\/65457\/revisions\/65521"}],"wp:attachment":[{"href":"https:\/\/www.sudoestehoje.com.br\/novoportal\/wp-json\/wp\/v2\/media?parent=65457"}],"wp:term":[{"taxonomy":"category","embeddable":true,"href":"https:\/\/www.sudoestehoje.com.br\/novoportal\/wp-json\/wp\/v2\/categories?post=65457"},{"taxonomy":"post_tag","embeddable":true,"href":"https:\/\/www.sudoestehoje.com.br\/novoportal\/wp-json\/wp\/v2\/tags?post=65457"}],"curies":[{"name":"wp","href":"https:\/\/api.w.org\/{rel}","templated":true}]}}