
{"id":65434,"date":"2017-05-18T23:23:54","date_gmt":"2017-05-19T02:23:54","guid":{"rendered":"http:\/\/www.sudoestehoje.com.br\/novoportal\/?p=65434"},"modified":"2017-05-18T23:23:54","modified_gmt":"2017-05-19T02:23:54","slug":"itapetinga-camara-debate-homofobia-e-crimes-contra-criancas-e-adolescentes","status":"publish","type":"post","link":"https:\/\/www.sudoestehoje.com.br\/novoportal\/2017\/05\/18\/itapetinga-camara-debate-homofobia-e-crimes-contra-criancas-e-adolescentes\/","title":{"rendered":"ITAPETINGA: C\u00c2MARA DEBATE HOMOFOBIA E CRIMES CONTRA CRIAN\u00c7AS E ADOLESCENTES"},"content":{"rendered":"<p><a href=\"http:\/\/www.sudoestehoje.com.br\/novoportal\/wp-content\/uploads\/2017\/05\/G-1.jpg\"><img loading=\"lazy\" decoding=\"async\" class=\"aligncenter size-medium wp-image-65436\" src=\"http:\/\/www.sudoestehoje.com.br\/novoportal\/wp-content\/uploads\/2017\/05\/G-1-500x375.jpg\" alt=\"\" width=\"500\" height=\"375\" srcset=\"https:\/\/www.sudoestehoje.com.br\/novoportal\/wp-content\/uploads\/2017\/05\/G-1-500x375.jpg 500w, https:\/\/www.sudoestehoje.com.br\/novoportal\/wp-content\/uploads\/2017\/05\/G-1-768x576.jpg 768w, https:\/\/www.sudoestehoje.com.br\/novoportal\/wp-content\/uploads\/2017\/05\/G-1-700x525.jpg 700w, https:\/\/www.sudoestehoje.com.br\/novoportal\/wp-content\/uploads\/2017\/05\/G-1.jpg 960w\" sizes=\"auto, (max-width: 500px) 100vw, 500px\" \/><\/a><\/p>\n<p>Aconteceu na noite desta quinta-feira (18) uma sess\u00e3o especial na C\u00e2mara Municipal de Itapetinga sobre o combate \u00e0 homofobia e ao abuso e \u00e0 explora\u00e7\u00e3o sexual de crian\u00e7as e adolescentes. De autoria do vereador Anderson da Nova (DEM), o evento contou com a participa\u00e7\u00e3o de representantes do seguimento LGBTQI (l\u00e9sbicas,\u00a0<em>gays<\/em>, bissexuais, travestis\/transexuais, <em>queer<\/em>\u00a0e intersexuais) e de institui\u00e7\u00f5es ligadas \u00e0 prote\u00e7\u00e3o dos direitos dos menores.<\/p>\n<p>Participaram da mesa de debates o coordenador do Conselho Tutelar, Cl\u00e9bio Moreira Lemos; a ativista dos Direitos Humanos Cristiane Nunes; Luciano Di Maria, presidente da frente LGBTQI em Itapetinga; Saad Abrain, representando o Centro de Testagem e Aconselhamento\/Servi\u00e7o de Assist\u00eancia Especializada; Reginaldo Pereira, professor e coordenador do Colegiado do curso de Pedagogia da Universidade Estadual do Sudoeste da Bahia (Uesb).<\/p>\n<p><a href=\"http:\/\/www.sudoestehoje.com.br\/novoportal\/wp-content\/uploads\/2017\/05\/G-2.jpg\"><img loading=\"lazy\" decoding=\"async\" class=\"aligncenter size-medium wp-image-65437\" src=\"http:\/\/www.sudoestehoje.com.br\/novoportal\/wp-content\/uploads\/2017\/05\/G-2-500x376.jpg\" alt=\"\" width=\"500\" height=\"376\" srcset=\"https:\/\/www.sudoestehoje.com.br\/novoportal\/wp-content\/uploads\/2017\/05\/G-2-500x376.jpg 500w, https:\/\/www.sudoestehoje.com.br\/novoportal\/wp-content\/uploads\/2017\/05\/G-2-768x577.jpg 768w, https:\/\/www.sudoestehoje.com.br\/novoportal\/wp-content\/uploads\/2017\/05\/G-2-700x526.jpg 700w, https:\/\/www.sudoestehoje.com.br\/novoportal\/wp-content\/uploads\/2017\/05\/G-2.jpg 960w\" sizes=\"auto, (max-width: 500px) 100vw, 500px\" \/><\/a><\/p>\n<p>Al\u00e9m do autor da sess\u00e3o, estiveram presentes os vereadores Eliomar Barreira (PMDB), Fabiano Bahia (DEM), Jair Saloes (PMDB), M\u00e1rcio Piu (PSC), Gilmar Piritiba (PSD), Valdeir Chagas (PDT) e Romildo Teixeira (PSL). Representando o prefeito municipal, tamb\u00e9m compareceu ao evento o secret\u00e1rio municipal de Planejamento, Washington Maciel.<\/p>\n<p>Ao justificar a sess\u00e3o, Anderson destacou a import\u00e2ncia desses temas, que s\u00e3o anualmente lembrados de forma especial no m\u00eas de maio, e ressaltou a responsabilidade que a Casa Legislativa tem de informar a popula\u00e7\u00e3o e promover debates sobre assuntos de interesse p\u00fablico. \u201cManifestamos a nossa posi\u00e7\u00e3o contr\u00e1ria \u00e0 pr\u00e1tica de quaisquer tipos de discrimina\u00e7\u00e3o, ofensas, difama\u00e7\u00e3o ou agress\u00e3o contra nosso semelhante, independente da sua orienta\u00e7\u00e3o sexual\u201d, declarou.<\/p>\n<p><a href=\"http:\/\/www.sudoestehoje.com.br\/novoportal\/wp-content\/uploads\/2017\/05\/G-3.jpg\"><img loading=\"lazy\" decoding=\"async\" class=\"aligncenter size-medium wp-image-65438\" src=\"http:\/\/www.sudoestehoje.com.br\/novoportal\/wp-content\/uploads\/2017\/05\/G-3-500x375.jpg\" alt=\"\" width=\"500\" height=\"375\" srcset=\"https:\/\/www.sudoestehoje.com.br\/novoportal\/wp-content\/uploads\/2017\/05\/G-3-500x375.jpg 500w, https:\/\/www.sudoestehoje.com.br\/novoportal\/wp-content\/uploads\/2017\/05\/G-3-768x576.jpg 768w, https:\/\/www.sudoestehoje.com.br\/novoportal\/wp-content\/uploads\/2017\/05\/G-3-700x525.jpg 700w, https:\/\/www.sudoestehoje.com.br\/novoportal\/wp-content\/uploads\/2017\/05\/G-3.jpg 960w\" sizes=\"auto, (max-width: 500px) 100vw, 500px\" \/><\/a><\/p>\n<p>O vereador chamou a aten\u00e7\u00e3o para dados do Grupo Gay da Bahia, referentes ao ano de 2016, que classificam o estado como o segundo do pa\u00eds com maior n\u00famero de assassinatos de pessoas LGBT por motiva\u00e7\u00f5es homof\u00f3bicas. \u201cN\u00e3o podemos aceitar isso\u201d, disse.<\/p>\n<p>O parlamentar tamb\u00e9m falou sobre o combate ao abuso infanto-juvenil. \u201cEsta sess\u00e3o foi pensada ainda para defender os direitos das nossas crian\u00e7as e adolescentes, que tamb\u00e9m s\u00e3o constantemente v\u00edtimas de crimes\u201d, explicou. Ele lembrou que o Brasil infelizmente est\u00e1 no topo da lista dos pa\u00edses da Am\u00e9rica Latina onde h\u00e1 mais casos de explora\u00e7\u00e3o sexual infantil. \/\/Ascom<\/p>\n","protected":false},"excerpt":{"rendered":"<p>Aconteceu na noite desta quinta-feira (18) uma sess\u00e3o especial na C\u00e2mara Municipal de Itapetinga sobre o combate \u00e0 homofobia e ao abuso e \u00e0 explora\u00e7\u00e3o sexual de crian\u00e7as e adolescentes. De autoria do vereador Anderson da Nova (DEM), o evento contou com a participa\u00e7\u00e3o de representantes do seguimento LGBTQI (l\u00e9sbicas,\u00a0gays, bissexuais, travestis\/transexuais, queer\u00a0e intersexuais) e [&hellip;]<\/p>\n","protected":false},"author":2,"featured_media":0,"comment_status":"open","ping_status":"open","sticky":false,"template":"","format":"standard","meta":{"footnotes":"","_links_to":"","_links_to_target":""},"categories":[1],"tags":[],"class_list":["post-65434","post","type-post","status-publish","format-standard","hentry","category-geral"],"views":1404,"_links":{"self":[{"href":"https:\/\/www.sudoestehoje.com.br\/novoportal\/wp-json\/wp\/v2\/posts\/65434","targetHints":{"allow":["GET"]}}],"collection":[{"href":"https:\/\/www.sudoestehoje.com.br\/novoportal\/wp-json\/wp\/v2\/posts"}],"about":[{"href":"https:\/\/www.sudoestehoje.com.br\/novoportal\/wp-json\/wp\/v2\/types\/post"}],"author":[{"embeddable":true,"href":"https:\/\/www.sudoestehoje.com.br\/novoportal\/wp-json\/wp\/v2\/users\/2"}],"replies":[{"embeddable":true,"href":"https:\/\/www.sudoestehoje.com.br\/novoportal\/wp-json\/wp\/v2\/comments?post=65434"}],"version-history":[{"count":7,"href":"https:\/\/www.sudoestehoje.com.br\/novoportal\/wp-json\/wp\/v2\/posts\/65434\/revisions"}],"predecessor-version":[{"id":65445,"href":"https:\/\/www.sudoestehoje.com.br\/novoportal\/wp-json\/wp\/v2\/posts\/65434\/revisions\/65445"}],"wp:attachment":[{"href":"https:\/\/www.sudoestehoje.com.br\/novoportal\/wp-json\/wp\/v2\/media?parent=65434"}],"wp:term":[{"taxonomy":"category","embeddable":true,"href":"https:\/\/www.sudoestehoje.com.br\/novoportal\/wp-json\/wp\/v2\/categories?post=65434"},{"taxonomy":"post_tag","embeddable":true,"href":"https:\/\/www.sudoestehoje.com.br\/novoportal\/wp-json\/wp\/v2\/tags?post=65434"}],"curies":[{"name":"wp","href":"https:\/\/api.w.org\/{rel}","templated":true}]}}