
{"id":65424,"date":"2017-05-18T19:07:52","date_gmt":"2017-05-18T22:07:52","guid":{"rendered":"http:\/\/www.sudoestehoje.com.br\/novoportal\/?p=65424"},"modified":"2017-05-18T20:08:41","modified_gmt":"2017-05-18T23:08:41","slug":"fachin-libera-gravacao-da-conversa-de-temer-com-dono-da-friboi","status":"publish","type":"post","link":"https:\/\/www.sudoestehoje.com.br\/novoportal\/2017\/05\/18\/fachin-libera-gravacao-da-conversa-de-temer-com-dono-da-friboi\/","title":{"rendered":"FACHIN LIBERA GRAVA\u00c7\u00c3O DA CONVERSA DE TEMER COM DONO DA FRIBOI"},"content":{"rendered":"<p><iframe loading=\"lazy\" title=\"Escute a \u00edntegra das grava\u00e7\u00f5es de dela\u00e7\u00e3o que pode derrubar Temer\" width=\"500\" height=\"281\" src=\"https:\/\/www.youtube.com\/embed\/dw7vyYkoztY?list=PL4fQwwgA67zJXDhrCZQ361d1ebnILJAu5\" frameborder=\"0\" allow=\"accelerometer; autoplay; clipboard-write; encrypted-media; gyroscope; picture-in-picture; web-share\" referrerpolicy=\"strict-origin-when-cross-origin\" allowfullscreen><\/iframe><\/p>\n","protected":false},"excerpt":{"rendered":"","protected":false},"author":2,"featured_media":0,"comment_status":"open","ping_status":"open","sticky":false,"template":"","format":"standard","meta":{"footnotes":"","_links_to":"","_links_to_target":""},"categories":[1],"tags":[],"class_list":["post-65424","post","type-post","status-publish","format-standard","hentry","category-geral"],"views":1311,"_links":{"self":[{"href":"https:\/\/www.sudoestehoje.com.br\/novoportal\/wp-json\/wp\/v2\/posts\/65424","targetHints":{"allow":["GET"]}}],"collection":[{"href":"https:\/\/www.sudoestehoje.com.br\/novoportal\/wp-json\/wp\/v2\/posts"}],"about":[{"href":"https:\/\/www.sudoestehoje.com.br\/novoportal\/wp-json\/wp\/v2\/types\/post"}],"author":[{"embeddable":true,"href":"https:\/\/www.sudoestehoje.com.br\/novoportal\/wp-json\/wp\/v2\/users\/2"}],"replies":[{"embeddable":true,"href":"https:\/\/www.sudoestehoje.com.br\/novoportal\/wp-json\/wp\/v2\/comments?post=65424"}],"version-history":[{"count":3,"href":"https:\/\/www.sudoestehoje.com.br\/novoportal\/wp-json\/wp\/v2\/posts\/65424\/revisions"}],"predecessor-version":[{"id":65433,"href":"https:\/\/www.sudoestehoje.com.br\/novoportal\/wp-json\/wp\/v2\/posts\/65424\/revisions\/65433"}],"wp:attachment":[{"href":"https:\/\/www.sudoestehoje.com.br\/novoportal\/wp-json\/wp\/v2\/media?parent=65424"}],"wp:term":[{"taxonomy":"category","embeddable":true,"href":"https:\/\/www.sudoestehoje.com.br\/novoportal\/wp-json\/wp\/v2\/categories?post=65424"},{"taxonomy":"post_tag","embeddable":true,"href":"https:\/\/www.sudoestehoje.com.br\/novoportal\/wp-json\/wp\/v2\/tags?post=65424"}],"curies":[{"name":"wp","href":"https:\/\/api.w.org\/{rel}","templated":true}]}}