
{"id":65420,"date":"2017-05-18T18:40:55","date_gmt":"2017-05-18T21:40:55","guid":{"rendered":"http:\/\/www.sudoestehoje.com.br\/novoportal\/?p=65420"},"modified":"2017-05-18T18:44:56","modified_gmt":"2017-05-18T21:44:56","slug":"e-temer-nao-renunciou-ainda","status":"publish","type":"post","link":"https:\/\/www.sudoestehoje.com.br\/novoportal\/2017\/05\/18\/e-temer-nao-renunciou-ainda\/","title":{"rendered":"E TEMER N\u00c3O RENUNCIOU, AINDA&#8230;"},"content":{"rendered":"<p><iframe loading=\"lazy\" title=\"Discurso de Temer em 18\/05\/2017\" width=\"500\" height=\"375\" src=\"https:\/\/www.youtube.com\/embed\/k420gglyWbs?feature=oembed\" frameborder=\"0\" allow=\"accelerometer; autoplay; clipboard-write; encrypted-media; gyroscope; picture-in-picture; web-share\" referrerpolicy=\"strict-origin-when-cross-origin\" allowfullscreen><\/iframe><\/p>\n<p>Durante pronunciamento feito nesta tarde, o presidente Michel Temer negou suposta ren\u00fancia ao cargo. O peemedebista foi flagrado em grava\u00e7\u00f5es de um dos donos da JBS.<\/p>\n<p>&#8220;N\u00e3o renunciarei. Repito: n\u00e3o renunciarei. Sei o que fiz e sei a corre\u00e7\u00e3o dos meus atos. Exijo investiga\u00e7\u00e3o plena e muito r\u00e1pida para os esclarecimentos ao povo brasileiro&#8221;, disse ele.<\/p>\n<p>Antes do pronunciamento, a ren\u00fancia era cogitada nos meios pol\u00edticos e jornal\u00edsticos. Sobre a suposta decis\u00e3o, teria conversado com ministros e acompanharia a reda\u00e7\u00e3o da sa\u00edda, segundo o jornalista e blogueiro Ricardo Noblat, de\u00a0<em>O Globo<\/em>.<\/p>\n<p>Rodrigo Maia (DEM-RJ), presidente da C\u00e2mara dos Deputados, teria sido avisado, conforme o blogueiro.<\/p>\n<p>STF ABRE INVESTIGA\u00c7\u00c3O<\/p>\n<p>O ministro do Supremo Tribunal Federal (STF) Edson Fachin decidiu abrir inqu\u00e9rito para investigar o presidente Michel Temer. A medida foi tomada a partir das dela\u00e7\u00f5es premiadas dos empres\u00e1rios Joesley Batista e Wesley Batista, donos do grupo JBS, controlador do frigor\u00edfico Friboi. A previs\u00e3o \u00e9 de que o sigilo das dela\u00e7\u00f5es seja retirado ainda hoje (18).<\/p>\n","protected":false},"excerpt":{"rendered":"<p>Durante pronunciamento feito nesta tarde, o presidente Michel Temer negou suposta ren\u00fancia ao cargo. O peemedebista foi flagrado em grava\u00e7\u00f5es de um dos donos da JBS. &#8220;N\u00e3o renunciarei. Repito: n\u00e3o renunciarei. Sei o que fiz e sei a corre\u00e7\u00e3o dos meus atos. Exijo investiga\u00e7\u00e3o plena e muito r\u00e1pida para os esclarecimentos ao povo brasileiro&#8221;, disse [&hellip;]<\/p>\n","protected":false},"author":2,"featured_media":0,"comment_status":"open","ping_status":"open","sticky":false,"template":"","format":"standard","meta":{"footnotes":"","_links_to":"","_links_to_target":""},"categories":[1],"tags":[],"class_list":["post-65420","post","type-post","status-publish","format-standard","hentry","category-geral"],"views":1249,"_links":{"self":[{"href":"https:\/\/www.sudoestehoje.com.br\/novoportal\/wp-json\/wp\/v2\/posts\/65420","targetHints":{"allow":["GET"]}}],"collection":[{"href":"https:\/\/www.sudoestehoje.com.br\/novoportal\/wp-json\/wp\/v2\/posts"}],"about":[{"href":"https:\/\/www.sudoestehoje.com.br\/novoportal\/wp-json\/wp\/v2\/types\/post"}],"author":[{"embeddable":true,"href":"https:\/\/www.sudoestehoje.com.br\/novoportal\/wp-json\/wp\/v2\/users\/2"}],"replies":[{"embeddable":true,"href":"https:\/\/www.sudoestehoje.com.br\/novoportal\/wp-json\/wp\/v2\/comments?post=65420"}],"version-history":[{"count":3,"href":"https:\/\/www.sudoestehoje.com.br\/novoportal\/wp-json\/wp\/v2\/posts\/65420\/revisions"}],"predecessor-version":[{"id":65423,"href":"https:\/\/www.sudoestehoje.com.br\/novoportal\/wp-json\/wp\/v2\/posts\/65420\/revisions\/65423"}],"wp:attachment":[{"href":"https:\/\/www.sudoestehoje.com.br\/novoportal\/wp-json\/wp\/v2\/media?parent=65420"}],"wp:term":[{"taxonomy":"category","embeddable":true,"href":"https:\/\/www.sudoestehoje.com.br\/novoportal\/wp-json\/wp\/v2\/categories?post=65420"},{"taxonomy":"post_tag","embeddable":true,"href":"https:\/\/www.sudoestehoje.com.br\/novoportal\/wp-json\/wp\/v2\/tags?post=65420"}],"curies":[{"name":"wp","href":"https:\/\/api.w.org\/{rel}","templated":true}]}}