
{"id":65396,"date":"2017-05-17T00:50:46","date_gmt":"2017-05-17T03:50:46","guid":{"rendered":"http:\/\/www.sudoestehoje.com.br\/novoportal\/?p=65396"},"modified":"2017-05-17T01:55:10","modified_gmt":"2017-05-17T04:55:10","slug":"denuncia-rosemberg-quer-levar-fabrica-da-renata-melo-de-itapetinga-para-itambe","status":"publish","type":"post","link":"https:\/\/www.sudoestehoje.com.br\/novoportal\/2017\/05\/17\/denuncia-rosemberg-quer-levar-fabrica-da-renata-melo-de-itapetinga-para-itambe\/","title":{"rendered":"DEN\u00daNCIA! ROSEMBERG QUER LEVAR F\u00c1BRICA DA RENATA MELO DE ITAPETINGA PARA ITAMB\u00c9"},"content":{"rendered":"<p><a href=\"http:\/\/www.sudoestehoje.com.br\/novoportal\/wp-content\/uploads\/2017\/05\/F\u00c1BRICA-ITAMB\u00c9.jpeg\"><img loading=\"lazy\" decoding=\"async\" class=\"aligncenter size-medium wp-image-65397\" src=\"http:\/\/www.sudoestehoje.com.br\/novoportal\/wp-content\/uploads\/2017\/05\/F\u00c1BRICA-ITAMB\u00c9-500x303.jpeg\" alt=\"\" width=\"500\" height=\"303\" srcset=\"https:\/\/www.sudoestehoje.com.br\/novoportal\/wp-content\/uploads\/2017\/05\/F\u00c1BRICA-ITAMB\u00c9-500x303.jpeg 500w, https:\/\/www.sudoestehoje.com.br\/novoportal\/wp-content\/uploads\/2017\/05\/F\u00c1BRICA-ITAMB\u00c9-768x465.jpeg 768w, https:\/\/www.sudoestehoje.com.br\/novoportal\/wp-content\/uploads\/2017\/05\/F\u00c1BRICA-ITAMB\u00c9-700x424.jpeg 700w, https:\/\/www.sudoestehoje.com.br\/novoportal\/wp-content\/uploads\/2017\/05\/F\u00c1BRICA-ITAMB\u00c9.jpeg 1024w\" sizes=\"auto, (max-width: 500px) 100vw, 500px\" \/><\/a><\/p>\n<p>Neste momento em que a popula\u00e7\u00e3o de Itapetinga sofre com o fantasma do desemprego, causado pela inoper\u00e2ncia dos governantes estaduais que cruzaram os bra\u00e7os no desmonte da Azal\u00e9ia, chega ao nosso conhecimento uma informa\u00e7\u00e3o estarrecedora: o deputado estadual mais votado de Itapetinga, o petista Rosemberg Pinto, articula a retirada da f\u00e1brica de cal\u00e7ados Renata Melo de Itapetinga para Itamb\u00e9, no intuito de atender a um pedido do prefeito Eduardo Gama (PMDB), seu novo aliado.<\/p>\n<p>Ao tomar conhecimento dessa lament\u00e1vel articula\u00e7\u00e3o, o Sudoeste Hoje entrou em contato com petistas locais e com a assessoria do deputado Rosemberg Pinto, que negaram a articula\u00e7\u00e3o, mas fontes ligadas \u00e0 prefeitura de Itamb\u00e9 e ao pr\u00f3prio Governo do Estado confirmaram a articula\u00e7\u00e3o que corre na Secretaria do Desenvolvimento Econ\u00f4mico do Estado da Bahia (SDE), sob o comando do ex-governador Jaques Wagner, que recebeu em seu gabinete, na ter\u00e7a-feira da semana passada, Rosemberg e o prefeito de Itamb\u00e9 para tratarem da retirada a f\u00e1brica de Itapetinga para Itamb\u00e9.<\/p>\n<p>Embora o pleito do prefeito de Itamb\u00e9, Eduardo Gama, seja louv\u00e1vel e leg\u00edtimo, o posicionamento do deputado Rosemberg em retirar os empregos do trabalhador itapetinguense \u00e9 conden\u00e1vel, j\u00e1 que ele \u00e9 o representante de Itapetinga junto ao governo da Bahia e tem o dever de honrar os mais de 5 mil votos que obteve no munic\u00edpio, na \u00faltima elei\u00e7\u00e3o.<\/p>\n<p>As &#8216;segundas inten\u00e7\u00f5es&#8217; do deputado petista ficaram evidentes diante da resist\u00eancia da SDE, comandada por Wagner, em liberar o antigo galp\u00e3o da Azal\u00e9ia, localizado no Quintas do Morumbi, para ser utilizado na expans\u00e3o da Renata Mello, com previs\u00e3o de gerar cerca de 500 novos empregos, enquanto que em Itamb\u00e9 o galp\u00e3o existente s\u00f3 tem capacidade para abrigar 200 postos de trabalho.<\/p>\n<p>Com essa atitude de repres\u00e1lia pol\u00edtica sem precedentes, tanto Rosemberg, quanto o Governo do Estado, viram definitivamente as costas para Itapetinga, cidade mais importante do M\u00e9dio Sudoeste da Bahia, que foi governada pelo pr\u00f3prio PT, nos \u00faltimos 8 anos.<\/p>\n<p>Com 2018 batendo \u00e0s portas, uma trairagem desta jamais ser\u00e1 esquecida. O que os petistas de Itapetinga acham disto?<\/p>\n<p><strong>Confira a prova da articula\u00e7\u00e3o na mat\u00e9ria abaixo:<\/strong><\/p>\n<h2 class=\"heading\"><strong><span style=\"color: #0000ff;\"><a style=\"color: #0000ff;\" href=\"http:\/\/www.jornaldosudoeste.com\/prefeito-secretario-estadual-e-deputado-discutem-instalacao-de-nova-fabrica-em-itambe\/\">Prefeito, secret\u00e1rio estadual e deputado discutem instala\u00e7\u00e3o de nova f\u00e1brica em Itamb\u00e9<\/a><\/span><\/strong><\/h2>\n<p><strong><em>Por Davi Ferraz\u00a0<\/em><\/strong><\/p>\n","protected":false},"excerpt":{"rendered":"<p>Neste momento em que a popula\u00e7\u00e3o de Itapetinga sofre com o fantasma do desemprego, causado pela inoper\u00e2ncia dos governantes estaduais que cruzaram os bra\u00e7os no desmonte da Azal\u00e9ia, chega ao nosso conhecimento uma informa\u00e7\u00e3o estarrecedora: o deputado estadual mais votado de Itapetinga, o petista Rosemberg Pinto, articula a retirada da f\u00e1brica de cal\u00e7ados Renata Melo [&hellip;]<\/p>\n","protected":false},"author":2,"featured_media":65397,"comment_status":"open","ping_status":"open","sticky":false,"template":"","format":"standard","meta":{"footnotes":"","_links_to":"","_links_to_target":""},"categories":[1],"tags":[],"class_list":["post-65396","post","type-post","status-publish","format-standard","has-post-thumbnail","hentry","category-geral"],"views":7025,"_links":{"self":[{"href":"https:\/\/www.sudoestehoje.com.br\/novoportal\/wp-json\/wp\/v2\/posts\/65396","targetHints":{"allow":["GET"]}}],"collection":[{"href":"https:\/\/www.sudoestehoje.com.br\/novoportal\/wp-json\/wp\/v2\/posts"}],"about":[{"href":"https:\/\/www.sudoestehoje.com.br\/novoportal\/wp-json\/wp\/v2\/types\/post"}],"author":[{"embeddable":true,"href":"https:\/\/www.sudoestehoje.com.br\/novoportal\/wp-json\/wp\/v2\/users\/2"}],"replies":[{"embeddable":true,"href":"https:\/\/www.sudoestehoje.com.br\/novoportal\/wp-json\/wp\/v2\/comments?post=65396"}],"version-history":[{"count":9,"href":"https:\/\/www.sudoestehoje.com.br\/novoportal\/wp-json\/wp\/v2\/posts\/65396\/revisions"}],"predecessor-version":[{"id":65406,"href":"https:\/\/www.sudoestehoje.com.br\/novoportal\/wp-json\/wp\/v2\/posts\/65396\/revisions\/65406"}],"wp:featuredmedia":[{"embeddable":true,"href":"https:\/\/www.sudoestehoje.com.br\/novoportal\/wp-json\/wp\/v2\/media\/65397"}],"wp:attachment":[{"href":"https:\/\/www.sudoestehoje.com.br\/novoportal\/wp-json\/wp\/v2\/media?parent=65396"}],"wp:term":[{"taxonomy":"category","embeddable":true,"href":"https:\/\/www.sudoestehoje.com.br\/novoportal\/wp-json\/wp\/v2\/categories?post=65396"},{"taxonomy":"post_tag","embeddable":true,"href":"https:\/\/www.sudoestehoje.com.br\/novoportal\/wp-json\/wp\/v2\/tags?post=65396"}],"curies":[{"name":"wp","href":"https:\/\/api.w.org\/{rel}","templated":true}]}}