
{"id":65393,"date":"2017-05-16T22:42:28","date_gmt":"2017-05-17T01:42:28","guid":{"rendered":"http:\/\/www.sudoestehoje.com.br\/novoportal\/?p=65393"},"modified":"2017-05-16T22:42:28","modified_gmt":"2017-05-17T01:42:28","slug":"dem-anuncia-candidatura-de-acm-neto-ao-governo-da-bahia-em-2018","status":"publish","type":"post","link":"https:\/\/www.sudoestehoje.com.br\/novoportal\/2017\/05\/16\/dem-anuncia-candidatura-de-acm-neto-ao-governo-da-bahia-em-2018\/","title":{"rendered":"DEM ANUNCIA CANDIDATURA DE ACM NETO AO GOVERNO DA BAHIA EM 2018"},"content":{"rendered":"<p><a href=\"http:\/\/www.sudoestehoje.com.br\/novoportal\/wp-content\/uploads\/2017\/05\/acm-candidato.jpg\"><img loading=\"lazy\" decoding=\"async\" class=\"aligncenter size-medium wp-image-65394\" src=\"http:\/\/www.sudoestehoje.com.br\/novoportal\/wp-content\/uploads\/2017\/05\/acm-candidato-500x271.jpg\" alt=\"\" width=\"500\" height=\"271\" srcset=\"https:\/\/www.sudoestehoje.com.br\/novoportal\/wp-content\/uploads\/2017\/05\/acm-candidato-500x271.jpg 500w, https:\/\/www.sudoestehoje.com.br\/novoportal\/wp-content\/uploads\/2017\/05\/acm-candidato.jpg 590w\" sizes=\"auto, (max-width: 500px) 100vw, 500px\" \/><\/a><\/p>\n<p>Faltando 17 meses para as elei\u00e7\u00f5es de 2018, o Democratas confirmou ontem que o prefeito de Salvador, ACM Neto, ser\u00e1 candidato a governador da Bahia. \u201cEncomendamos pesquisa de popularidade de Neto no interior do estado. Resultado espetacular. Certeza absoluta que ser\u00e1 candidato\u201d, disse em sua conta no Twitter o presidente do Democratas na Bahia, deputado federal Jos\u00e9 Carlos Aleluia. O l\u00edder democrata, contudo, n\u00e3o informa os n\u00fameros da pesquisa \u00e0 qual ele se refere. Aliados do prefeito confirmaram \u00e0 Tribuna da Bahia que o grupo de oposi\u00e7\u00e3o ao governador Rui Costa (PT) vem fazendo pesquisas em diversas cidades da Bahia, por meio dos prefeitos de sua base.<\/p>\n<p>Principais aliados de ACM Neto, PMDB (do vice-prefeito, Bruno Reis) e PSDB assinam embaixo da declara\u00e7\u00e3o de Aleluia. Em entrevista \u00e0 Tribuna, o deputado federal L\u00facio Vieira Lima n\u00e3o fez cerim\u00f4nia. \u201cA candidatura de Neto realmente \u00e9 certeza absoluta. Estamos recebendo as lideran\u00e7as do interior j\u00e1 h\u00e1 um tempo e conversando sobre isso, estamos nos articulando. Pesquisas que recebi inicialmente em munic\u00edpios de diversas regi\u00f5es mostram lideran\u00e7a de Neto em todas as cidades. O \u00e2nimo \u00e9 muito. Na regi\u00e3o da Chapada Diamantina, por exemplo, onde o senador Otto Alencar (PSD) tem muitas lideran\u00e7as, Neto est\u00e1 mais forte e sai na frente. Rui est\u00e1 atr\u00e1s de Neto nas pesquisas\u201d, disse L\u00facio.<\/p>\n<p>O peemedebista n\u00e3o quis dar palpite sobre a composi\u00e7\u00e3o da poss\u00edvel chapa de ACM Neto, inclusive sobre a possibilidade de o PMDB indicar o candidato a vice. \u201c\u00c9 muito cedo para discutir composi\u00e7\u00e3o de chapa. Importante neste momento \u00e9 um candidato forte para encabe\u00e7ar a chapa, e isso n\u00f3s temos com tranquilidade\u201d, afirmou L\u00facio Vieira Lima. Tamb\u00e9m em entrevista \u00e0 Tribuna, o presidente do PSDB na Bahia, deputado federal Jo\u00e3o Gualberto, ratificou as palavras dos l\u00edderes do DEM e do PMDB, e aproveitou para dizer que o apoio dos tucanos a ACM Neto passa pela composi\u00e7\u00e3o de uma chapa nacional, que, segundo ele, ter\u00e1 um candidato do PSDB \u00e0 Presid\u00eancia da Rep\u00fablica com apoio do DEM.<\/p>\n<p>\u201cCerteza absoluta, s\u00f3 quem pode dar de fato \u00e9 o prefeito ACM Neto. Mas n\u00f3s do PSDB temos certeza de que ele vai aceitar nosso pedido e o pedido do povo da Bahia. Neto sempre foi o candidato do PSDB. O DEM \u00e9 nosso parceiro, e inclusive vai apoiar nosso candidato \u00e0 Presid\u00eancia em 2018\u201d, afirma Gualberto. ACM Neto n\u00e3o se pronunciou em p\u00fablico sobre a pesquisa nem sobre a declara\u00e7\u00e3o do deputado Aleluia sobre a certeza de sua candidatura. \/\/Tribuna da Bahia<\/p>\n","protected":false},"excerpt":{"rendered":"<p>Faltando 17 meses para as elei\u00e7\u00f5es de 2018, o Democratas confirmou ontem que o prefeito de Salvador, ACM Neto, ser\u00e1 candidato a governador da Bahia. \u201cEncomendamos pesquisa de popularidade de Neto no interior do estado. Resultado espetacular. Certeza absoluta que ser\u00e1 candidato\u201d, disse em sua conta no Twitter o presidente do Democratas na Bahia, deputado [&hellip;]<\/p>\n","protected":false},"author":2,"featured_media":65394,"comment_status":"open","ping_status":"open","sticky":false,"template":"","format":"standard","meta":{"footnotes":"","_links_to":"","_links_to_target":""},"categories":[1],"tags":[],"class_list":["post-65393","post","type-post","status-publish","format-standard","has-post-thumbnail","hentry","category-geral"],"views":1833,"_links":{"self":[{"href":"https:\/\/www.sudoestehoje.com.br\/novoportal\/wp-json\/wp\/v2\/posts\/65393","targetHints":{"allow":["GET"]}}],"collection":[{"href":"https:\/\/www.sudoestehoje.com.br\/novoportal\/wp-json\/wp\/v2\/posts"}],"about":[{"href":"https:\/\/www.sudoestehoje.com.br\/novoportal\/wp-json\/wp\/v2\/types\/post"}],"author":[{"embeddable":true,"href":"https:\/\/www.sudoestehoje.com.br\/novoportal\/wp-json\/wp\/v2\/users\/2"}],"replies":[{"embeddable":true,"href":"https:\/\/www.sudoestehoje.com.br\/novoportal\/wp-json\/wp\/v2\/comments?post=65393"}],"version-history":[{"count":1,"href":"https:\/\/www.sudoestehoje.com.br\/novoportal\/wp-json\/wp\/v2\/posts\/65393\/revisions"}],"predecessor-version":[{"id":65395,"href":"https:\/\/www.sudoestehoje.com.br\/novoportal\/wp-json\/wp\/v2\/posts\/65393\/revisions\/65395"}],"wp:featuredmedia":[{"embeddable":true,"href":"https:\/\/www.sudoestehoje.com.br\/novoportal\/wp-json\/wp\/v2\/media\/65394"}],"wp:attachment":[{"href":"https:\/\/www.sudoestehoje.com.br\/novoportal\/wp-json\/wp\/v2\/media?parent=65393"}],"wp:term":[{"taxonomy":"category","embeddable":true,"href":"https:\/\/www.sudoestehoje.com.br\/novoportal\/wp-json\/wp\/v2\/categories?post=65393"},{"taxonomy":"post_tag","embeddable":true,"href":"https:\/\/www.sudoestehoje.com.br\/novoportal\/wp-json\/wp\/v2\/tags?post=65393"}],"curies":[{"name":"wp","href":"https:\/\/api.w.org\/{rel}","templated":true}]}}