
{"id":65384,"date":"2017-05-16T18:27:46","date_gmt":"2017-05-16T21:27:46","guid":{"rendered":"http:\/\/www.sudoestehoje.com.br\/novoportal\/?p=65384"},"modified":"2017-05-16T18:34:39","modified_gmt":"2017-05-16T21:34:39","slug":"vita-ambiental-homenageia-dia-do-gari","status":"publish","type":"post","link":"https:\/\/www.sudoestehoje.com.br\/novoportal\/2017\/05\/16\/vita-ambiental-homenageia-dia-do-gari\/","title":{"rendered":"VITA AMBIENTAL HOMENAGEIA  DIA DO GARI"},"content":{"rendered":"<p><a href=\"http:\/\/www.sudoestehoje.com.br\/novoportal\/wp-content\/uploads\/2017\/05\/VITA-1.jpg\"><img loading=\"lazy\" decoding=\"async\" class=\"wp-image-65385 alignleft\" src=\"http:\/\/www.sudoestehoje.com.br\/novoportal\/wp-content\/uploads\/2017\/05\/VITA-1.jpg\" alt=\"\" width=\"199\" height=\"199\" srcset=\"https:\/\/www.sudoestehoje.com.br\/novoportal\/wp-content\/uploads\/2017\/05\/VITA-1.jpg 343w, https:\/\/www.sudoestehoje.com.br\/novoportal\/wp-content\/uploads\/2017\/05\/VITA-1-150x150.jpg 150w\" sizes=\"auto, (max-width: 199px) 100vw, 199px\" \/><\/a><\/p>\n<p><em>O Dia do Gari \u00e9 comemorado anualmente em 16 de maio, em todo o Brasil.\u00a0Esta data tem o objetivo de homenagear os profissionais respons\u00e1veis em manter as ruas, pra\u00e7as e praias limpas de todo o lixo gerado naturalmente ou por a\u00e7\u00e3o do ser humano.<\/em><\/p>\n<p><em>No Brasil os garis n\u00e3o recebem o devido respeito e visibilidade que merecem, pois \u00e9 gra\u00e7as ao seu trabalho que os cidad\u00e3os podem viver em uma cidade mais limpa e bonita. \u00c9 muito importante cada indiv\u00edduo fazer a sua parte e n\u00e3o jogar lixo nas ruas.<\/em><\/p>\n<p><em>O termo &#8220;gari&#8221; surgiu em homenagem ao franc\u00eas Pedro Aleixo Gary, que ficou conhecido por ser o fundador da primeira empresa de coleta de lixo nas ruas do Rio de Janeiro, em 1876.\u00a0Assim, os cariocas quando queriam que as ruas fossem limpas ap\u00f3s a passagem dos cavalos, chamavam os &#8220;garis&#8221;.<\/em><\/p>\n<p>Apesar de n\u00e3o mais atuar na coleta de lixo em Itapetinga, a ECO VITA AMBIENTAL vem manifestar o seu enorme respeito pelos profissionais da limpeza p\u00fablica deste munic\u00edpio e cidades da regi\u00e3o, que durante a sua atua\u00e7\u00e3o, de janeiro de 2013 a setembro de 2016, contribu\u00edram para a presta\u00e7\u00e3o de servi\u00e7os de excel\u00eancia \u00e0 nossa cidade.<\/p>\n<p style=\"text-align: center;\"><strong><em>Marco Correia &#8211; Diretor da Vita Ambiental\u00a0<\/em><\/strong><\/p>\n","protected":false},"excerpt":{"rendered":"<p>O Dia do Gari \u00e9 comemorado anualmente em 16 de maio, em todo o Brasil.\u00a0Esta data tem o objetivo de homenagear os profissionais respons\u00e1veis em manter as ruas, pra\u00e7as e praias limpas de todo o lixo gerado naturalmente ou por a\u00e7\u00e3o do ser humano. No Brasil os garis n\u00e3o recebem o devido respeito e visibilidade [&hellip;]<\/p>\n","protected":false},"author":2,"featured_media":0,"comment_status":"open","ping_status":"open","sticky":false,"template":"","format":"standard","meta":{"footnotes":"","_links_to":"","_links_to_target":""},"categories":[1],"tags":[],"class_list":["post-65384","post","type-post","status-publish","format-standard","hentry","category-geral"],"views":1229,"_links":{"self":[{"href":"https:\/\/www.sudoestehoje.com.br\/novoportal\/wp-json\/wp\/v2\/posts\/65384","targetHints":{"allow":["GET"]}}],"collection":[{"href":"https:\/\/www.sudoestehoje.com.br\/novoportal\/wp-json\/wp\/v2\/posts"}],"about":[{"href":"https:\/\/www.sudoestehoje.com.br\/novoportal\/wp-json\/wp\/v2\/types\/post"}],"author":[{"embeddable":true,"href":"https:\/\/www.sudoestehoje.com.br\/novoportal\/wp-json\/wp\/v2\/users\/2"}],"replies":[{"embeddable":true,"href":"https:\/\/www.sudoestehoje.com.br\/novoportal\/wp-json\/wp\/v2\/comments?post=65384"}],"version-history":[{"count":7,"href":"https:\/\/www.sudoestehoje.com.br\/novoportal\/wp-json\/wp\/v2\/posts\/65384\/revisions"}],"predecessor-version":[{"id":65392,"href":"https:\/\/www.sudoestehoje.com.br\/novoportal\/wp-json\/wp\/v2\/posts\/65384\/revisions\/65392"}],"wp:attachment":[{"href":"https:\/\/www.sudoestehoje.com.br\/novoportal\/wp-json\/wp\/v2\/media?parent=65384"}],"wp:term":[{"taxonomy":"category","embeddable":true,"href":"https:\/\/www.sudoestehoje.com.br\/novoportal\/wp-json\/wp\/v2\/categories?post=65384"},{"taxonomy":"post_tag","embeddable":true,"href":"https:\/\/www.sudoestehoje.com.br\/novoportal\/wp-json\/wp\/v2\/tags?post=65384"}],"curies":[{"name":"wp","href":"https:\/\/api.w.org\/{rel}","templated":true}]}}