
{"id":65379,"date":"2017-05-16T12:22:01","date_gmt":"2017-05-16T15:22:01","guid":{"rendered":"http:\/\/www.sudoestehoje.com.br\/novoportal\/?p=65379"},"modified":"2017-05-16T12:22:01","modified_gmt":"2017-05-16T15:22:01","slug":"inedito-hippies-de-conquista-decretam-greve-para-nao-desocuparem-calcadao","status":"publish","type":"post","link":"https:\/\/www.sudoestehoje.com.br\/novoportal\/2017\/05\/16\/inedito-hippies-de-conquista-decretam-greve-para-nao-desocuparem-calcadao\/","title":{"rendered":"IN\u00c9DITO! HIPPIES DE CONQUISTA DECRETAM GREVE PARA N\u00c3O DESOCUPAREM CAL\u00c7AD\u00c3O"},"content":{"rendered":"<p><a href=\"http:\/\/www.sudoestehoje.com.br\/novoportal\/wp-content\/uploads\/2017\/05\/hippies.jpg\"><img loading=\"lazy\" decoding=\"async\" class=\"aligncenter size-medium wp-image-65380\" src=\"http:\/\/www.sudoestehoje.com.br\/novoportal\/wp-content\/uploads\/2017\/05\/hippies-500x302.jpg\" alt=\"\" width=\"500\" height=\"302\" srcset=\"https:\/\/www.sudoestehoje.com.br\/novoportal\/wp-content\/uploads\/2017\/05\/hippies-500x302.jpg 500w, https:\/\/www.sudoestehoje.com.br\/novoportal\/wp-content\/uploads\/2017\/05\/hippies.jpg 529w\" sizes=\"auto, (max-width: 500px) 100vw, 500px\" \/><\/a><\/p>\n<p>A Prefeitura de Vit\u00f3ria da Conquista, atrav\u00e9s da Secretaria de Servi\u00e7os P\u00fablicos, para atender recomenda\u00e7\u00e3o da Promotoria de Justi\u00e7a e Cidadania do Minist\u00e9rio P\u00fablico, est\u00e1 providenciando a retirada de hippies instalados na Pra\u00e7a 9 de Novembro, no centro comercial da cidade.<\/p>\n<p>A medida foi tomada depois que a C\u00e2mara de Dirigentes Lojistas \u2013 CDL entrou com uma a\u00e7\u00e3o na justi\u00e7a, atrav\u00e9s de um pedido feito pelos lojistas, que disseram estar sendo prejudicados com a presen\u00e7a dos artes\u00e3os de ruas no local.<\/p>\n<p>A Policia Militar se encontra tamb\u00e9m no local para que tudo ocorra dentro de um clima de paz, e que a decis\u00e3o da justi\u00e7a seja cumprida.<\/p>\n<p>Indignado com a decis\u00e3o da justi\u00e7a, um dos artes\u00e3os decretou <em>greve de fome<\/em>, afim de sensibilizar as autoridades, alegando o fato de estarem no local h\u00e1 tanto tempo e de n\u00e3o causarem nenhum problema a sociedade.<\/p>\n<p>Outro mais indignado, declarou que vai travar contra os agentes da prefeitura e a PM uma verdadeira guerra, contrariando o principal lema da comunidade alternativa, que sempre foi a &#8220;<em>paz e amor<\/em>&#8220;.<\/p>\n<p>V\u00e1 entender&#8230;<\/p>\n<p><em><strong>Por Davi Ferraz<\/strong><\/em> (com informa\u00e7\u00f5es dos blogs)<\/p>\n","protected":false},"excerpt":{"rendered":"<p>A Prefeitura de Vit\u00f3ria da Conquista, atrav\u00e9s da Secretaria de Servi\u00e7os P\u00fablicos, para atender recomenda\u00e7\u00e3o da Promotoria de Justi\u00e7a e Cidadania do Minist\u00e9rio P\u00fablico, est\u00e1 providenciando a retirada de hippies instalados na Pra\u00e7a 9 de Novembro, no centro comercial da cidade. A medida foi tomada depois que a C\u00e2mara de Dirigentes Lojistas \u2013 CDL entrou [&hellip;]<\/p>\n","protected":false},"author":2,"featured_media":65380,"comment_status":"open","ping_status":"open","sticky":false,"template":"","format":"standard","meta":{"footnotes":"","_links_to":"","_links_to_target":""},"categories":[1],"tags":[],"class_list":["post-65379","post","type-post","status-publish","format-standard","has-post-thumbnail","hentry","category-geral"],"views":1991,"_links":{"self":[{"href":"https:\/\/www.sudoestehoje.com.br\/novoportal\/wp-json\/wp\/v2\/posts\/65379","targetHints":{"allow":["GET"]}}],"collection":[{"href":"https:\/\/www.sudoestehoje.com.br\/novoportal\/wp-json\/wp\/v2\/posts"}],"about":[{"href":"https:\/\/www.sudoestehoje.com.br\/novoportal\/wp-json\/wp\/v2\/types\/post"}],"author":[{"embeddable":true,"href":"https:\/\/www.sudoestehoje.com.br\/novoportal\/wp-json\/wp\/v2\/users\/2"}],"replies":[{"embeddable":true,"href":"https:\/\/www.sudoestehoje.com.br\/novoportal\/wp-json\/wp\/v2\/comments?post=65379"}],"version-history":[{"count":1,"href":"https:\/\/www.sudoestehoje.com.br\/novoportal\/wp-json\/wp\/v2\/posts\/65379\/revisions"}],"predecessor-version":[{"id":65381,"href":"https:\/\/www.sudoestehoje.com.br\/novoportal\/wp-json\/wp\/v2\/posts\/65379\/revisions\/65381"}],"wp:featuredmedia":[{"embeddable":true,"href":"https:\/\/www.sudoestehoje.com.br\/novoportal\/wp-json\/wp\/v2\/media\/65380"}],"wp:attachment":[{"href":"https:\/\/www.sudoestehoje.com.br\/novoportal\/wp-json\/wp\/v2\/media?parent=65379"}],"wp:term":[{"taxonomy":"category","embeddable":true,"href":"https:\/\/www.sudoestehoje.com.br\/novoportal\/wp-json\/wp\/v2\/categories?post=65379"},{"taxonomy":"post_tag","embeddable":true,"href":"https:\/\/www.sudoestehoje.com.br\/novoportal\/wp-json\/wp\/v2\/tags?post=65379"}],"curies":[{"name":"wp","href":"https:\/\/api.w.org\/{rel}","templated":true}]}}