
{"id":65371,"date":"2017-05-15T21:54:21","date_gmt":"2017-05-16T00:54:21","guid":{"rendered":"http:\/\/www.sudoestehoje.com.br\/novoportal\/?p=65371"},"modified":"2017-05-15T21:54:21","modified_gmt":"2017-05-16T00:54:21","slug":"itapetinga-recadastramento-dos-servidores-municipais-continua","status":"publish","type":"post","link":"https:\/\/www.sudoestehoje.com.br\/novoportal\/2017\/05\/15\/itapetinga-recadastramento-dos-servidores-municipais-continua\/","title":{"rendered":"ITAPETINGA: RECADASTRAMENTO DOS SERVIDORES MUNICIPAIS CONTINUA"},"content":{"rendered":"<div id=\"yui_3_16_0_1_1494895456633_4344\" class=\"body undoreset\" tabindex=\"0\">\n<div id=\"yui_3_16_0_1_1494895456633_4343\" class=\"email-wrapped\">\n<div id=\"yiv6627679797\">\n<div id=\"yui_3_16_0_1_1494895456633_4342\" dir=\"ltr\">\n<div id=\"yiv6627679797divtagdefaultwrapper\" dir=\"ltr\">\n<div><\/div>\n<div><a href=\"http:\/\/www.sudoestehoje.com.br\/novoportal\/wp-content\/uploads\/2017\/05\/WhatsApp-Image-2017-05-15-at-15.17.53.jpeg\"><img loading=\"lazy\" decoding=\"async\" class=\"aligncenter size-medium wp-image-65372\" src=\"http:\/\/www.sudoestehoje.com.br\/novoportal\/wp-content\/uploads\/2017\/05\/WhatsApp-Image-2017-05-15-at-15.17.53-500x500.jpeg\" alt=\"\" width=\"500\" height=\"500\" srcset=\"https:\/\/www.sudoestehoje.com.br\/novoportal\/wp-content\/uploads\/2017\/05\/WhatsApp-Image-2017-05-15-at-15.17.53-500x500.jpeg 500w, https:\/\/www.sudoestehoje.com.br\/novoportal\/wp-content\/uploads\/2017\/05\/WhatsApp-Image-2017-05-15-at-15.17.53-150x150.jpeg 150w, https:\/\/www.sudoestehoje.com.br\/novoportal\/wp-content\/uploads\/2017\/05\/WhatsApp-Image-2017-05-15-at-15.17.53-768x768.jpeg 768w, https:\/\/www.sudoestehoje.com.br\/novoportal\/wp-content\/uploads\/2017\/05\/WhatsApp-Image-2017-05-15-at-15.17.53-700x700.jpeg 700w, https:\/\/www.sudoestehoje.com.br\/novoportal\/wp-content\/uploads\/2017\/05\/WhatsApp-Image-2017-05-15-at-15.17.53.jpeg 1181w\" sizes=\"auto, (max-width: 500px) 100vw, 500px\" \/><\/a><\/div>\n<div id=\"yui_3_16_0_1_1494895456633_4358\">\n<p>A Prefeitura Municipal de Itapetinga continua recadastrando os servidores p\u00fablicos titulares de cargos p\u00fablicos de provimento efetivo. A atualiza\u00e7\u00e3o cadastral vem servindo para validar o quadro de pessoal dos \u00f3rg\u00e3os e entidades, assim como atualizar os dados cadastrais e funcionais.<\/p>\n<p>A primeira etapa do processo aconteceu, entre os dias 02 e 10 de maio, com os servidores lotados na Secretaria de Administra\u00e7\u00e3o e na Secretaria de Finan\u00e7as. Agora, s\u00e3o convocados os servidores das secretarias de Governo, Infraestrutura, Transporte, Servi\u00e7os P\u00fablicos e Meio Ambiente. O recadastramento seguir\u00e1 das 9h \u00e0s 17h, de 11 a 19 de maio, na FACI &#8211; Funda\u00e7\u00e3o Associa\u00e7\u00e3o Cultural Itapetinguense.<\/p>\n<p>Os servidores devem chegar ao local munidos dos seguintes documentos pessoais: RG, CPF, comprovante de resid\u00eancia, certid\u00e3o de casamento, certid\u00e3o de nascimento dos filhos menores de catorze anos, decreto de nomea\u00e7\u00e3o, termo de posse e \u00faltimo contra-cheque.<\/p>\n<p>Quem deixar de fazer o procedimento no prazo ter\u00e1 os recebimentos bloqueados at\u00e9 a realiza\u00e7\u00e3o da atualiza\u00e7\u00e3o. Al\u00e9m de manter a vida funcional do servidor regularizada, a atualiza\u00e7\u00e3o cadastral permite \u00e0 prefeitura ter um melhor planejamento nas a\u00e7\u00f5es, por isso a os servidores devem atender prontamente \u00e0 convoca\u00e7\u00e3o. S\u00f3 uma administra\u00e7\u00e3o bem organizada \u00e9 capaz de construir uma cidade melhor. \/\/Ascom<\/p>\n<\/div>\n<\/div>\n<\/div>\n<\/div>\n<\/div>\n<\/div>\n","protected":false},"excerpt":{"rendered":"<p>A Prefeitura Municipal de Itapetinga continua recadastrando os servidores p\u00fablicos titulares de cargos p\u00fablicos de provimento efetivo. A atualiza\u00e7\u00e3o cadastral vem servindo para validar o quadro de pessoal dos \u00f3rg\u00e3os e entidades, assim como atualizar os dados cadastrais e funcionais. A primeira etapa do processo aconteceu, entre os dias 02 e 10 de maio, com [&hellip;]<\/p>\n","protected":false},"author":2,"featured_media":65372,"comment_status":"open","ping_status":"open","sticky":false,"template":"","format":"standard","meta":{"footnotes":"","_links_to":"","_links_to_target":""},"categories":[1],"tags":[],"class_list":["post-65371","post","type-post","status-publish","format-standard","has-post-thumbnail","hentry","category-geral"],"views":1737,"_links":{"self":[{"href":"https:\/\/www.sudoestehoje.com.br\/novoportal\/wp-json\/wp\/v2\/posts\/65371","targetHints":{"allow":["GET"]}}],"collection":[{"href":"https:\/\/www.sudoestehoje.com.br\/novoportal\/wp-json\/wp\/v2\/posts"}],"about":[{"href":"https:\/\/www.sudoestehoje.com.br\/novoportal\/wp-json\/wp\/v2\/types\/post"}],"author":[{"embeddable":true,"href":"https:\/\/www.sudoestehoje.com.br\/novoportal\/wp-json\/wp\/v2\/users\/2"}],"replies":[{"embeddable":true,"href":"https:\/\/www.sudoestehoje.com.br\/novoportal\/wp-json\/wp\/v2\/comments?post=65371"}],"version-history":[{"count":2,"href":"https:\/\/www.sudoestehoje.com.br\/novoportal\/wp-json\/wp\/v2\/posts\/65371\/revisions"}],"predecessor-version":[{"id":65374,"href":"https:\/\/www.sudoestehoje.com.br\/novoportal\/wp-json\/wp\/v2\/posts\/65371\/revisions\/65374"}],"wp:featuredmedia":[{"embeddable":true,"href":"https:\/\/www.sudoestehoje.com.br\/novoportal\/wp-json\/wp\/v2\/media\/65372"}],"wp:attachment":[{"href":"https:\/\/www.sudoestehoje.com.br\/novoportal\/wp-json\/wp\/v2\/media?parent=65371"}],"wp:term":[{"taxonomy":"category","embeddable":true,"href":"https:\/\/www.sudoestehoje.com.br\/novoportal\/wp-json\/wp\/v2\/categories?post=65371"},{"taxonomy":"post_tag","embeddable":true,"href":"https:\/\/www.sudoestehoje.com.br\/novoportal\/wp-json\/wp\/v2\/tags?post=65371"}],"curies":[{"name":"wp","href":"https:\/\/api.w.org\/{rel}","templated":true}]}}