
{"id":65361,"date":"2017-05-15T21:58:33","date_gmt":"2017-05-16T00:58:33","guid":{"rendered":"http:\/\/www.sudoestehoje.com.br\/novoportal\/?p=65361"},"modified":"2017-05-15T23:17:29","modified_gmt":"2017-05-16T02:17:29","slug":"itapetinga-comeca-nesta-terca-a-mais-tradicional-festa-da-pecuaria-da-bahia","status":"publish","type":"post","link":"https:\/\/www.sudoestehoje.com.br\/novoportal\/2017\/05\/15\/itapetinga-comeca-nesta-terca-a-mais-tradicional-festa-da-pecuaria-da-bahia\/","title":{"rendered":"ITAPETINGA: COME\u00c7A NESTA TER\u00c7A A MAIS TRADICIONAL FESTA DA PECU\u00c1RIA DA BAHIA"},"content":{"rendered":"<p><a href=\"http:\/\/www.sudoestehoje.com.br\/novoportal\/wp-content\/uploads\/2017\/05\/exposi\u00e7\u00e3o-2017.jpg\"><img loading=\"lazy\" decoding=\"async\" class=\"aligncenter size-medium wp-image-65362\" src=\"http:\/\/www.sudoestehoje.com.br\/novoportal\/wp-content\/uploads\/2017\/05\/exposi\u00e7\u00e3o-2017-500x500.jpg\" alt=\"\" width=\"500\" height=\"500\" srcset=\"https:\/\/www.sudoestehoje.com.br\/novoportal\/wp-content\/uploads\/2017\/05\/exposi\u00e7\u00e3o-2017-500x500.jpg 500w, https:\/\/www.sudoestehoje.com.br\/novoportal\/wp-content\/uploads\/2017\/05\/exposi\u00e7\u00e3o-2017-150x150.jpg 150w, https:\/\/www.sudoestehoje.com.br\/novoportal\/wp-content\/uploads\/2017\/05\/exposi\u00e7\u00e3o-2017-768x768.jpg 768w, https:\/\/www.sudoestehoje.com.br\/novoportal\/wp-content\/uploads\/2017\/05\/exposi\u00e7\u00e3o-2017-700x700.jpg 700w, https:\/\/www.sudoestehoje.com.br\/novoportal\/wp-content\/uploads\/2017\/05\/exposi\u00e7\u00e3o-2017.jpg 940w\" sizes=\"auto, (max-width: 500px) 100vw, 500px\" \/><\/a><\/p>\n<p>Tem in\u00edcio nesta ter\u00e7a-feira (16), a tradicional Exposi\u00e7\u00e3o Agropecu\u00e1ria de Itapetinga, uma das maiores festas da pecu\u00e1ria baiana. O evento se estender\u00e1 at\u00e9 o pr\u00f3ximo domingo (21), sendo esperado um grande n\u00famero de expositores, autoridades e visitantes.<\/p>\n<p>Considerada como uma das mais importantes do Norte e Nordeste do pa\u00eds, a Exposi\u00e7\u00e3o Agropecu\u00e1ria de Itapetinga, mant\u00e9m a sua tradi\u00e7\u00e3o, prometendo realizar uma grande festa neste ano de 2017.<\/p>\n<p>Venha a Itapetinga conferir a maior festa da pecu\u00e1ria baiana, na &#8216;Capital da Pecu\u00e1ria&#8217;.<\/p>\n<p><strong><em>Davi Ferraz<\/em><\/strong><\/p>\n","protected":false},"excerpt":{"rendered":"<p>Tem in\u00edcio nesta ter\u00e7a-feira (16), a tradicional Exposi\u00e7\u00e3o Agropecu\u00e1ria de Itapetinga, uma das maiores festas da pecu\u00e1ria baiana. O evento se estender\u00e1 at\u00e9 o pr\u00f3ximo domingo (21), sendo esperado um grande n\u00famero de expositores, autoridades e visitantes. Considerada como uma das mais importantes do Norte e Nordeste do pa\u00eds, a Exposi\u00e7\u00e3o Agropecu\u00e1ria de Itapetinga, mant\u00e9m [&hellip;]<\/p>\n","protected":false},"author":2,"featured_media":65362,"comment_status":"open","ping_status":"open","sticky":false,"template":"","format":"standard","meta":{"footnotes":"","_links_to":"","_links_to_target":""},"categories":[1],"tags":[],"class_list":["post-65361","post","type-post","status-publish","format-standard","has-post-thumbnail","hentry","category-geral"],"views":2661,"_links":{"self":[{"href":"https:\/\/www.sudoestehoje.com.br\/novoportal\/wp-json\/wp\/v2\/posts\/65361","targetHints":{"allow":["GET"]}}],"collection":[{"href":"https:\/\/www.sudoestehoje.com.br\/novoportal\/wp-json\/wp\/v2\/posts"}],"about":[{"href":"https:\/\/www.sudoestehoje.com.br\/novoportal\/wp-json\/wp\/v2\/types\/post"}],"author":[{"embeddable":true,"href":"https:\/\/www.sudoestehoje.com.br\/novoportal\/wp-json\/wp\/v2\/users\/2"}],"replies":[{"embeddable":true,"href":"https:\/\/www.sudoestehoje.com.br\/novoportal\/wp-json\/wp\/v2\/comments?post=65361"}],"version-history":[{"count":8,"href":"https:\/\/www.sudoestehoje.com.br\/novoportal\/wp-json\/wp\/v2\/posts\/65361\/revisions"}],"predecessor-version":[{"id":65370,"href":"https:\/\/www.sudoestehoje.com.br\/novoportal\/wp-json\/wp\/v2\/posts\/65361\/revisions\/65370"}],"wp:featuredmedia":[{"embeddable":true,"href":"https:\/\/www.sudoestehoje.com.br\/novoportal\/wp-json\/wp\/v2\/media\/65362"}],"wp:attachment":[{"href":"https:\/\/www.sudoestehoje.com.br\/novoportal\/wp-json\/wp\/v2\/media?parent=65361"}],"wp:term":[{"taxonomy":"category","embeddable":true,"href":"https:\/\/www.sudoestehoje.com.br\/novoportal\/wp-json\/wp\/v2\/categories?post=65361"},{"taxonomy":"post_tag","embeddable":true,"href":"https:\/\/www.sudoestehoje.com.br\/novoportal\/wp-json\/wp\/v2\/tags?post=65361"}],"curies":[{"name":"wp","href":"https:\/\/api.w.org\/{rel}","templated":true}]}}