
{"id":65350,"date":"2017-05-15T10:00:09","date_gmt":"2017-05-15T13:00:09","guid":{"rendered":"http:\/\/www.sudoestehoje.com.br\/novoportal\/?p=65350"},"modified":"2017-05-15T11:55:51","modified_gmt":"2017-05-15T14:55:51","slug":"deputada-angela-sousa-rebate-publicacao-e-diz-que-inquerito-foi-arquivado-pelo-mp","status":"publish","type":"post","link":"https:\/\/www.sudoestehoje.com.br\/novoportal\/2017\/05\/15\/deputada-angela-sousa-rebate-publicacao-e-diz-que-inquerito-foi-arquivado-pelo-mp\/","title":{"rendered":"DEPUTADA \u00c2NGELA SOUSA REBATE PUBLICA\u00c7\u00c3O E DIZ QUE INQU\u00c9RITO FOI ARQUIVADO PELO MP"},"content":{"rendered":"<p><a href=\"http:\/\/www.sudoestehoje.com.br\/novoportal\/wp-content\/uploads\/2017\/05\/angela-1.jpg\"><img loading=\"lazy\" decoding=\"async\" class=\"wp-image-65351 alignleft\" src=\"http:\/\/www.sudoestehoje.com.br\/novoportal\/wp-content\/uploads\/2017\/05\/angela-1-500x618.jpg\" alt=\"\" width=\"200\" height=\"247\" \/><\/a><\/p>\n<p>Por meio de nota \u00e0 imprensa, a deputada \u00c2ngela Sousa rebateu a publica\u00e7\u00e3o do <a href=\"http:\/\/www.bocaonews.com.br\/noticias\/politica\/politica\/174802,deputada-angela-sousa-cai-nas-garras-da-aguia-de-haia-com-delacao-de-empresario.html\">site Boc\u00e3o News<\/a> intitulada: \u201cDeputada \u00c2ngela Sousa cai nas garras da \u00c1gua de Haia com dela\u00e7\u00e3o de empres\u00e1rio\u201d.<\/p>\n<p>Por interm\u00e9dio de sua assessoria jur\u00eddica, a deputada afirmou que n\u00e3o h\u00e1 qualquer elemento que diga respeito \u00e0 pr\u00e1tica de qualquer conduta voltada \u00e0 viola\u00e7\u00e3o de procedimentos licitat\u00f3rios.<\/p>\n<p>A deputada ressaltou \u00a0o\u00a0posicionamento do Minist\u00e9rio P\u00fablico, que pediu arquivamento por falta de provas, sendo acolhido pelo Tribunal Regional Federal.<\/p>\n<p><strong>Confira a nota na \u00edntegra :<\/strong><\/p>\n<p><em>Foi veiculada not\u00edcia em m\u00eddia eletr\u00f4nica intitulada: \u201cDeputada \u00c2ngela Sousa cai nas garras da \u00c1gua de Haia com dela\u00e7\u00e3o de empres\u00e1rio\u201d.<\/em><\/p>\n<p><em>Na referida not\u00edcia, informa-se que a deputada teria sido delatada no bojo de inqu\u00e9rito policial firmado para apurar suposta pr\u00e1tica de delitos licitat\u00f3rios no munic\u00edpio de Una.<\/em><\/p>\n<p><em>Em rela\u00e7\u00e3o a not\u00edcia veiculada, cumpre trazer alguns esclarecimentos. No que tange ao processo veiculado pela m\u00eddia, relativo \u00e0 opera\u00e7\u00e3o \u00c1guia de Haia, referente ao munic\u00edpio de Una, \u00e9 de se ressaltar que n\u00e3o h\u00e1 qualquer elemento que diga respeito \u00e0 pr\u00e1tica de qualquer conduta voltada \u00e0 viola\u00e7\u00e3o de procedimentos licitat\u00f3rios.<\/em><\/p>\n<p><em>Tanto assim o \u00e9 que o pr\u00f3prio Minist\u00e9rio P\u00fablico Federal ressaltou, em parecer anexado aos autos que: \u201cDessa forma, n\u00e3o restou comprovada a autoria do crime do art. 90 da Lei de Licita\u00e7\u00f5es por parte da deputada \u00c2ngela Sousa, raz\u00e3o pela qual este parquet promove o arquivamento do feito em rela\u00e7\u00e3o \u00e0 parlamentar neste ponto\u201d.<\/em><\/p>\n<p><em>O posicionamento do Minist\u00e9rio P\u00fablico foi acolhido pelo Tribunal Regional Federal, tendo sido arquivado o inqu\u00e9rito.<\/em><\/p>\n<p><em>Desta forma, a justi\u00e7a j\u00e1 reconheceu a aus\u00eancia de participa\u00e7\u00e3o da deputada em eventual irregularidade em procedimento licitat\u00f3rio no munic\u00edpio de Una.<\/em><\/p>\n","protected":false},"excerpt":{"rendered":"<p>Por meio de nota \u00e0 imprensa, a deputada \u00c2ngela Sousa rebateu a publica\u00e7\u00e3o do site Boc\u00e3o News intitulada: \u201cDeputada \u00c2ngela Sousa cai nas garras da \u00c1gua de Haia com dela\u00e7\u00e3o de empres\u00e1rio\u201d. Por interm\u00e9dio de sua assessoria jur\u00eddica, a deputada afirmou que n\u00e3o h\u00e1 qualquer elemento que diga respeito \u00e0 pr\u00e1tica de qualquer conduta voltada [&hellip;]<\/p>\n","protected":false},"author":2,"featured_media":65351,"comment_status":"open","ping_status":"open","sticky":false,"template":"","format":"standard","meta":{"footnotes":"","_links_to":"","_links_to_target":""},"categories":[1],"tags":[],"class_list":["post-65350","post","type-post","status-publish","format-standard","has-post-thumbnail","hentry","category-geral"],"views":1565,"_links":{"self":[{"href":"https:\/\/www.sudoestehoje.com.br\/novoportal\/wp-json\/wp\/v2\/posts\/65350","targetHints":{"allow":["GET"]}}],"collection":[{"href":"https:\/\/www.sudoestehoje.com.br\/novoportal\/wp-json\/wp\/v2\/posts"}],"about":[{"href":"https:\/\/www.sudoestehoje.com.br\/novoportal\/wp-json\/wp\/v2\/types\/post"}],"author":[{"embeddable":true,"href":"https:\/\/www.sudoestehoje.com.br\/novoportal\/wp-json\/wp\/v2\/users\/2"}],"replies":[{"embeddable":true,"href":"https:\/\/www.sudoestehoje.com.br\/novoportal\/wp-json\/wp\/v2\/comments?post=65350"}],"version-history":[{"count":3,"href":"https:\/\/www.sudoestehoje.com.br\/novoportal\/wp-json\/wp\/v2\/posts\/65350\/revisions"}],"predecessor-version":[{"id":65354,"href":"https:\/\/www.sudoestehoje.com.br\/novoportal\/wp-json\/wp\/v2\/posts\/65350\/revisions\/65354"}],"wp:featuredmedia":[{"embeddable":true,"href":"https:\/\/www.sudoestehoje.com.br\/novoportal\/wp-json\/wp\/v2\/media\/65351"}],"wp:attachment":[{"href":"https:\/\/www.sudoestehoje.com.br\/novoportal\/wp-json\/wp\/v2\/media?parent=65350"}],"wp:term":[{"taxonomy":"category","embeddable":true,"href":"https:\/\/www.sudoestehoje.com.br\/novoportal\/wp-json\/wp\/v2\/categories?post=65350"},{"taxonomy":"post_tag","embeddable":true,"href":"https:\/\/www.sudoestehoje.com.br\/novoportal\/wp-json\/wp\/v2\/tags?post=65350"}],"curies":[{"name":"wp","href":"https:\/\/api.w.org\/{rel}","templated":true}]}}