
{"id":65331,"date":"2017-05-13T21:54:19","date_gmt":"2017-05-14T00:54:19","guid":{"rendered":"http:\/\/www.sudoestehoje.com.br\/novoportal\/?p=65331"},"modified":"2017-05-13T21:54:19","modified_gmt":"2017-05-14T00:54:19","slug":"dilma-preocupada-com-luciano-huck","status":"publish","type":"post","link":"https:\/\/www.sudoestehoje.com.br\/novoportal\/2017\/05\/13\/dilma-preocupada-com-luciano-huck\/","title":{"rendered":"DILMA PREOCUPADA COM LUCIANO HUCK"},"content":{"rendered":"<div><a href=\"http:\/\/www.sudoestehoje.com.br\/novoportal\/wp-content\/uploads\/2017\/05\/DILMA.jpg\"><img loading=\"lazy\" decoding=\"async\" class=\"aligncenter size-medium wp-image-65332\" src=\"http:\/\/www.sudoestehoje.com.br\/novoportal\/wp-content\/uploads\/2017\/05\/DILMA-500x329.jpg\" alt=\"\" width=\"500\" height=\"329\" srcset=\"https:\/\/www.sudoestehoje.com.br\/novoportal\/wp-content\/uploads\/2017\/05\/DILMA-500x329.jpg 500w, https:\/\/www.sudoestehoje.com.br\/novoportal\/wp-content\/uploads\/2017\/05\/DILMA-768x506.jpg 768w, https:\/\/www.sudoestehoje.com.br\/novoportal\/wp-content\/uploads\/2017\/05\/DILMA-700x461.jpg 700w, https:\/\/www.sudoestehoje.com.br\/novoportal\/wp-content\/uploads\/2017\/05\/DILMA.jpg 800w\" sizes=\"auto, (max-width: 500px) 100vw, 500px\" \/><\/a><\/div>\n<div>\u00a0A ex-presidente Dilma Rousseff criticou, na noite desta sexta-feira (12), o que chamou de &#8220;pol\u00edtica social de audit\u00f3rio&#8221; do apresentador Luciano Huck, em um evento do partido em Porto Alegre.<\/div>\n<div>\n<p>&#8220;Eu assisti l\u00e1 em Harvard uma inova\u00e7\u00e3o. A inova\u00e7\u00e3o \u00e9 a pol\u00edtica social de audit\u00f3rio. Consiste em demonstrar a efic\u00e1cia de um programa de audit\u00f3rio de um apresentador chamado Luciano Huck.&#8221; Diante dos risos da plateia, afirmou: &#8220;N\u00e3o riam, isso \u00e9 real. Ele levou uma das pessoas beneficiadas. Foi aplaudido de p\u00e9 porque levou uma senhora e ela tinha melhorado de vida&#8221;.<\/p>\n<p>A petista classificou o fato como &#8220;grav\u00edssimo&#8221;. &#8220;\u00c9 o processo que combina a vis\u00e3o de pol\u00edtica social neoliberal com a vis\u00e3o, antes era com a vis\u00e3o do gestor, mas est\u00e3o caminhando a passos largos para ser com a do animador de audit\u00f3rio.&#8221;Segundo a ex-presidente, h\u00e1 &#8220;nitidamente uma tentativa expl\u00edcita de manipula\u00e7\u00e3o eleitoral pretendida obviamente pela Rede Globo&#8221;.<\/p>\n<p>Dilma tamb\u00e9m criticou o elogio de Fernando Henrique Cardoso ao apresentador. &#8220;Me surpreendeu, com todas as diverg\u00eancias que possamos ter, que o senhor presidente Fernando Henrique Cardoso tenha defendido como sendo uma hip\u00f3tese eleitoral para o Brasil a compreens\u00e3o de programas de audit\u00f3rio&#8221;. As informa\u00e7\u00f5es s\u00e3o da Folha de S. Paulo.<\/p>\n<\/div>\n","protected":false},"excerpt":{"rendered":"<p>\u00a0A ex-presidente Dilma Rousseff criticou, na noite desta sexta-feira (12), o que chamou de &#8220;pol\u00edtica social de audit\u00f3rio&#8221; do apresentador Luciano Huck, em um evento do partido em Porto Alegre. &#8220;Eu assisti l\u00e1 em Harvard uma inova\u00e7\u00e3o. A inova\u00e7\u00e3o \u00e9 a pol\u00edtica social de audit\u00f3rio. Consiste em demonstrar a efic\u00e1cia de um programa de audit\u00f3rio [&hellip;]<\/p>\n","protected":false},"author":2,"featured_media":65332,"comment_status":"open","ping_status":"open","sticky":false,"template":"","format":"standard","meta":{"footnotes":"","_links_to":"","_links_to_target":""},"categories":[1],"tags":[],"class_list":["post-65331","post","type-post","status-publish","format-standard","has-post-thumbnail","hentry","category-geral"],"views":1116,"_links":{"self":[{"href":"https:\/\/www.sudoestehoje.com.br\/novoportal\/wp-json\/wp\/v2\/posts\/65331","targetHints":{"allow":["GET"]}}],"collection":[{"href":"https:\/\/www.sudoestehoje.com.br\/novoportal\/wp-json\/wp\/v2\/posts"}],"about":[{"href":"https:\/\/www.sudoestehoje.com.br\/novoportal\/wp-json\/wp\/v2\/types\/post"}],"author":[{"embeddable":true,"href":"https:\/\/www.sudoestehoje.com.br\/novoportal\/wp-json\/wp\/v2\/users\/2"}],"replies":[{"embeddable":true,"href":"https:\/\/www.sudoestehoje.com.br\/novoportal\/wp-json\/wp\/v2\/comments?post=65331"}],"version-history":[{"count":4,"href":"https:\/\/www.sudoestehoje.com.br\/novoportal\/wp-json\/wp\/v2\/posts\/65331\/revisions"}],"predecessor-version":[{"id":65336,"href":"https:\/\/www.sudoestehoje.com.br\/novoportal\/wp-json\/wp\/v2\/posts\/65331\/revisions\/65336"}],"wp:featuredmedia":[{"embeddable":true,"href":"https:\/\/www.sudoestehoje.com.br\/novoportal\/wp-json\/wp\/v2\/media\/65332"}],"wp:attachment":[{"href":"https:\/\/www.sudoestehoje.com.br\/novoportal\/wp-json\/wp\/v2\/media?parent=65331"}],"wp:term":[{"taxonomy":"category","embeddable":true,"href":"https:\/\/www.sudoestehoje.com.br\/novoportal\/wp-json\/wp\/v2\/categories?post=65331"},{"taxonomy":"post_tag","embeddable":true,"href":"https:\/\/www.sudoestehoje.com.br\/novoportal\/wp-json\/wp\/v2\/tags?post=65331"}],"curies":[{"name":"wp","href":"https:\/\/api.w.org\/{rel}","templated":true}]}}