
{"id":65327,"date":"2017-05-13T21:37:15","date_gmt":"2017-05-14T00:37:15","guid":{"rendered":"http:\/\/www.sudoestehoje.com.br\/novoportal\/?p=65327"},"modified":"2017-05-13T21:37:15","modified_gmt":"2017-05-14T00:37:15","slug":"onibus-com-equipe-sub-17-do-vasco-tomba-e-deixa-jogadores-feridos","status":"publish","type":"post","link":"https:\/\/www.sudoestehoje.com.br\/novoportal\/2017\/05\/13\/onibus-com-equipe-sub-17-do-vasco-tomba-e-deixa-jogadores-feridos\/","title":{"rendered":"\u00d4NIBUS COM EQUIPE SUB-17 DO VASCO TOMBA E DEIXA JOGADORES FERIDOS"},"content":{"rendered":"<div><a href=\"http:\/\/www.sudoestehoje.com.br\/novoportal\/wp-content\/uploads\/2017\/05\/VASCO.jpg\"><img loading=\"lazy\" decoding=\"async\" class=\"aligncenter size-medium wp-image-65328\" src=\"http:\/\/www.sudoestehoje.com.br\/novoportal\/wp-content\/uploads\/2017\/05\/VASCO-500x244.jpg\" alt=\"\" width=\"500\" height=\"244\" srcset=\"https:\/\/www.sudoestehoje.com.br\/novoportal\/wp-content\/uploads\/2017\/05\/VASCO-500x244.jpg 500w, https:\/\/www.sudoestehoje.com.br\/novoportal\/wp-content\/uploads\/2017\/05\/VASCO-768x374.jpg 768w, https:\/\/www.sudoestehoje.com.br\/novoportal\/wp-content\/uploads\/2017\/05\/VASCO-700x341.jpg 700w, https:\/\/www.sudoestehoje.com.br\/novoportal\/wp-content\/uploads\/2017\/05\/VASCO.jpg 800w\" sizes=\"auto, (max-width: 500px) 100vw, 500px\" \/><\/a><\/div>\n<div>O \u00f4nibus com o time sub-17 do Vasco tombou na serra de Nova Friburgo, pr\u00f3ximo ao munic\u00edpio de Cachoeiras de Macacu, no in\u00edcio da tarde deste s\u00e1bado (13). Conforme as primeiras informa\u00e7\u00f5es, tr\u00eas jogadores ficaram feridos, sem gravidade, e foram conduzidos a um hospital da regi\u00e3o.\u00a0A equipe voltava da partida disputada pela manh\u00e3 com o Friburguense, quando o ve\u00edculo tombou de lado, em uma curva, bloqueando a estrada.\u00a0O Vasco enviou um outro \u00f4nibus, com equipe m\u00e9dica do clube, para resgatar os demais atletas e integrantes da comiss\u00e3o t\u00e9cnica. Ao todo, viajavam 22 pessoas no \u00a0ve\u00edculo.<\/div>\n","protected":false},"excerpt":{"rendered":"<p>O \u00f4nibus com o time sub-17 do Vasco tombou na serra de Nova Friburgo, pr\u00f3ximo ao munic\u00edpio de Cachoeiras de Macacu, no in\u00edcio da tarde deste s\u00e1bado (13). Conforme as primeiras informa\u00e7\u00f5es, tr\u00eas jogadores ficaram feridos, sem gravidade, e foram conduzidos a um hospital da regi\u00e3o.\u00a0A equipe voltava da partida disputada pela manh\u00e3 com o [&hellip;]<\/p>\n","protected":false},"author":2,"featured_media":65328,"comment_status":"open","ping_status":"open","sticky":false,"template":"","format":"standard","meta":{"footnotes":"","_links_to":"","_links_to_target":""},"categories":[1],"tags":[],"class_list":["post-65327","post","type-post","status-publish","format-standard","has-post-thumbnail","hentry","category-geral"],"views":1153,"_links":{"self":[{"href":"https:\/\/www.sudoestehoje.com.br\/novoportal\/wp-json\/wp\/v2\/posts\/65327","targetHints":{"allow":["GET"]}}],"collection":[{"href":"https:\/\/www.sudoestehoje.com.br\/novoportal\/wp-json\/wp\/v2\/posts"}],"about":[{"href":"https:\/\/www.sudoestehoje.com.br\/novoportal\/wp-json\/wp\/v2\/types\/post"}],"author":[{"embeddable":true,"href":"https:\/\/www.sudoestehoje.com.br\/novoportal\/wp-json\/wp\/v2\/users\/2"}],"replies":[{"embeddable":true,"href":"https:\/\/www.sudoestehoje.com.br\/novoportal\/wp-json\/wp\/v2\/comments?post=65327"}],"version-history":[{"count":2,"href":"https:\/\/www.sudoestehoje.com.br\/novoportal\/wp-json\/wp\/v2\/posts\/65327\/revisions"}],"predecessor-version":[{"id":65330,"href":"https:\/\/www.sudoestehoje.com.br\/novoportal\/wp-json\/wp\/v2\/posts\/65327\/revisions\/65330"}],"wp:featuredmedia":[{"embeddable":true,"href":"https:\/\/www.sudoestehoje.com.br\/novoportal\/wp-json\/wp\/v2\/media\/65328"}],"wp:attachment":[{"href":"https:\/\/www.sudoestehoje.com.br\/novoportal\/wp-json\/wp\/v2\/media?parent=65327"}],"wp:term":[{"taxonomy":"category","embeddable":true,"href":"https:\/\/www.sudoestehoje.com.br\/novoportal\/wp-json\/wp\/v2\/categories?post=65327"},{"taxonomy":"post_tag","embeddable":true,"href":"https:\/\/www.sudoestehoje.com.br\/novoportal\/wp-json\/wp\/v2\/tags?post=65327"}],"curies":[{"name":"wp","href":"https:\/\/api.w.org\/{rel}","templated":true}]}}