
{"id":65324,"date":"2017-05-13T00:38:58","date_gmt":"2017-05-13T03:38:58","guid":{"rendered":"http:\/\/www.sudoestehoje.com.br\/novoportal\/?p=65324"},"modified":"2017-05-13T00:38:58","modified_gmt":"2017-05-13T03:38:58","slug":"jua-da-bahia-20-anos-de-forro","status":"publish","type":"post","link":"https:\/\/www.sudoestehoje.com.br\/novoportal\/2017\/05\/13\/jua-da-bahia-20-anos-de-forro\/","title":{"rendered":"JU\u00c1 DA BAHIA &#8211; 20 ANOS DE FORR\u00d3"},"content":{"rendered":"<p><a href=\"http:\/\/www.sudoestehoje.com.br\/novoportal\/wp-content\/uploads\/2017\/05\/JU\u00c1.jpg\"><img loading=\"lazy\" decoding=\"async\" class=\"aligncenter size-medium wp-image-65325\" src=\"http:\/\/www.sudoestehoje.com.br\/novoportal\/wp-content\/uploads\/2017\/05\/JU\u00c1-500x475.jpg\" alt=\"\" width=\"500\" height=\"475\" srcset=\"https:\/\/www.sudoestehoje.com.br\/novoportal\/wp-content\/uploads\/2017\/05\/JU\u00c1-500x475.jpg 500w, https:\/\/www.sudoestehoje.com.br\/novoportal\/wp-content\/uploads\/2017\/05\/JU\u00c1-768x730.jpg 768w, https:\/\/www.sudoestehoje.com.br\/novoportal\/wp-content\/uploads\/2017\/05\/JU\u00c1-700x665.jpg 700w, https:\/\/www.sudoestehoje.com.br\/novoportal\/wp-content\/uploads\/2017\/05\/JU\u00c1.jpg 960w\" sizes=\"auto, (max-width: 500px) 100vw, 500px\" \/><\/a><\/p>\n<p>Comemorando 20 anos de carreira art\u00edstica nos trilhos do forr\u00f3, o m\u00fasico, cantor e compositor Ju\u00e1 da Bahia lan\u00e7a um CD comemorativo intitulado FORR\u00d3 P\u00c9 DE SERRA, que traz uma linguagem voltada estritamente para o autenticidade de uma m\u00fasica que, desde o primeiro CD lan\u00e7ado em 1997 (FORR\u00d3 RAIZ), transporta grande influ\u00eancia da refer\u00eancia maior da m\u00fasica nordestina Luiz Gonzaga.<\/p>\n<p>A considerada sant\u00edssima trindade do forr\u00f3 (Sanfona, zabumba e triangulo), se destaca num trabalho casado com belas poesias cantadas no ritmo do mais aut\u00eantico forr\u00f3 (xote, bai\u00e3o e arrasta-p\u00e9) cujo \u00e1lbum de 13 faixas vem com 08 m\u00fasicas de sua autoria e que tem caindo no gosto das pessoas que curtem o som que saiu da serra e invadiu as cidades e conquistando cora\u00e7\u00f5es. Uma grande festa de S\u00e3o Jo\u00e3o cabe um show da qualidade de JU\u00c1 DA BAHIA.<\/p>\n","protected":false},"excerpt":{"rendered":"<p>Comemorando 20 anos de carreira art\u00edstica nos trilhos do forr\u00f3, o m\u00fasico, cantor e compositor Ju\u00e1 da Bahia lan\u00e7a um CD comemorativo intitulado FORR\u00d3 P\u00c9 DE SERRA, que traz uma linguagem voltada estritamente para o autenticidade de uma m\u00fasica que, desde o primeiro CD lan\u00e7ado em 1997 (FORR\u00d3 RAIZ), transporta grande influ\u00eancia da refer\u00eancia maior [&hellip;]<\/p>\n","protected":false},"author":2,"featured_media":65325,"comment_status":"open","ping_status":"open","sticky":false,"template":"","format":"standard","meta":{"footnotes":"","_links_to":"","_links_to_target":""},"categories":[1],"tags":[],"class_list":["post-65324","post","type-post","status-publish","format-standard","has-post-thumbnail","hentry","category-geral"],"views":2126,"_links":{"self":[{"href":"https:\/\/www.sudoestehoje.com.br\/novoportal\/wp-json\/wp\/v2\/posts\/65324","targetHints":{"allow":["GET"]}}],"collection":[{"href":"https:\/\/www.sudoestehoje.com.br\/novoportal\/wp-json\/wp\/v2\/posts"}],"about":[{"href":"https:\/\/www.sudoestehoje.com.br\/novoportal\/wp-json\/wp\/v2\/types\/post"}],"author":[{"embeddable":true,"href":"https:\/\/www.sudoestehoje.com.br\/novoportal\/wp-json\/wp\/v2\/users\/2"}],"replies":[{"embeddable":true,"href":"https:\/\/www.sudoestehoje.com.br\/novoportal\/wp-json\/wp\/v2\/comments?post=65324"}],"version-history":[{"count":1,"href":"https:\/\/www.sudoestehoje.com.br\/novoportal\/wp-json\/wp\/v2\/posts\/65324\/revisions"}],"predecessor-version":[{"id":65326,"href":"https:\/\/www.sudoestehoje.com.br\/novoportal\/wp-json\/wp\/v2\/posts\/65324\/revisions\/65326"}],"wp:featuredmedia":[{"embeddable":true,"href":"https:\/\/www.sudoestehoje.com.br\/novoportal\/wp-json\/wp\/v2\/media\/65325"}],"wp:attachment":[{"href":"https:\/\/www.sudoestehoje.com.br\/novoportal\/wp-json\/wp\/v2\/media?parent=65324"}],"wp:term":[{"taxonomy":"category","embeddable":true,"href":"https:\/\/www.sudoestehoje.com.br\/novoportal\/wp-json\/wp\/v2\/categories?post=65324"},{"taxonomy":"post_tag","embeddable":true,"href":"https:\/\/www.sudoestehoje.com.br\/novoportal\/wp-json\/wp\/v2\/tags?post=65324"}],"curies":[{"name":"wp","href":"https:\/\/api.w.org\/{rel}","templated":true}]}}