
{"id":65307,"date":"2017-05-12T21:37:24","date_gmt":"2017-05-13T00:37:24","guid":{"rendered":"http:\/\/www.sudoestehoje.com.br\/novoportal\/?p=65307"},"modified":"2017-05-12T21:58:30","modified_gmt":"2017-05-13T00:58:30","slug":"itapetinga-delegado-roberto-junior-e-o-novo-coordenador-regional-de-policia","status":"publish","type":"post","link":"https:\/\/www.sudoestehoje.com.br\/novoportal\/2017\/05\/12\/itapetinga-delegado-roberto-junior-e-o-novo-coordenador-regional-de-policia\/","title":{"rendered":"ITAPETINGA: DELEGADO ROBERTO J\u00daNIOR \u00c9 O NOVO COORDENADOR REGIONAL DE POL\u00cdCIA"},"content":{"rendered":"<p><a href=\"http:\/\/www.sudoestehoje.com.br\/novoportal\/wp-content\/uploads\/2017\/05\/Dr.jpg\"><img loading=\"lazy\" decoding=\"async\" class=\"aligncenter size-medium wp-image-65308\" src=\"http:\/\/www.sudoestehoje.com.br\/novoportal\/wp-content\/uploads\/2017\/05\/Dr-500x375.jpg\" alt=\"\" width=\"500\" height=\"375\" srcset=\"https:\/\/www.sudoestehoje.com.br\/novoportal\/wp-content\/uploads\/2017\/05\/Dr-500x375.jpg 500w, https:\/\/www.sudoestehoje.com.br\/novoportal\/wp-content\/uploads\/2017\/05\/Dr-768x576.jpg 768w, https:\/\/www.sudoestehoje.com.br\/novoportal\/wp-content\/uploads\/2017\/05\/Dr-700x525.jpg 700w, https:\/\/www.sudoestehoje.com.br\/novoportal\/wp-content\/uploads\/2017\/05\/Dr.jpg 800w\" sizes=\"auto, (max-width: 500px) 100vw, 500px\" \/><\/a><\/p>\n<p>Nesta sexta-feira (12) foi publicada a nomea\u00e7\u00e3o do delegado Roberto J\u00fanior, de 42 anos, para o cargo de Coordenador Regional de Pol\u00edcia, da 21\u00aa Coorpin, sediada em Itapetinga, por ato do governador Rui Costa. Ele vai substituir a delegada Rosilene Moreira Correia, que ocupava o cargo.<\/p>\n<p><strong>DR. IRINEU ANDRADE RESSUME DELEGACIA TERRITORIAL<\/strong><\/p>\n<p><a href=\"http:\/\/www.sudoestehoje.com.br\/novoportal\/wp-content\/uploads\/2017\/05\/DR.-iRINEU.jpg\"><img loading=\"lazy\" decoding=\"async\" class=\"aligncenter size-full wp-image-65310\" src=\"http:\/\/www.sudoestehoje.com.br\/novoportal\/wp-content\/uploads\/2017\/05\/DR.-iRINEU.jpg\" alt=\"\" width=\"480\" height=\"360\" \/><\/a><\/p>\n<p>Para substitu\u00ed o Dr. Roberto Junior no cargo de Delegado Territorial do munic\u00edpio, foi nomeado o delegado de pol\u00edcia Irineu Alves de Andrade, que ocupava o mesmo cargo no vizinho munic\u00edpio de Macarani. Confira as nomea\u00e7\u00f5es:<\/p>\n<p><img loading=\"lazy\" decoding=\"async\" class=\"\" src=\"http:\/\/www.itapetinganamidia.com\/wp-content\/uploads\/2017\/05\/nomeacao.jpg\" width=\"502\" height=\"110\" \/><\/p>\n<p><img loading=\"lazy\" decoding=\"async\" class=\"\" src=\"http:\/\/www.itapetinganamidia.com\/wp-content\/uploads\/2017\/05\/irineu-600x138.jpg\" width=\"500\" height=\"115\" \/><\/p>\n<p><img decoding=\"async\" src=\"http:\/\/www.sudoestehoje.com.br\/novoportal\/wp-content\/uploads\/2014\/12\/skala-novo.jpg\" alt=\"Resultado de imagem para skala modas itapetinga\" \/><\/p>\n","protected":false},"excerpt":{"rendered":"<p>Nesta sexta-feira (12) foi publicada a nomea\u00e7\u00e3o do delegado Roberto J\u00fanior, de 42 anos, para o cargo de Coordenador Regional de Pol\u00edcia, da 21\u00aa Coorpin, sediada em Itapetinga, por ato do governador Rui Costa. Ele vai substituir a delegada Rosilene Moreira Correia, que ocupava o cargo. DR. IRINEU ANDRADE RESSUME DELEGACIA TERRITORIAL Para substitu\u00ed o [&hellip;]<\/p>\n","protected":false},"author":2,"featured_media":65308,"comment_status":"open","ping_status":"open","sticky":false,"template":"","format":"standard","meta":{"footnotes":"","_links_to":"","_links_to_target":""},"categories":[1],"tags":[],"class_list":["post-65307","post","type-post","status-publish","format-standard","has-post-thumbnail","hentry","category-geral"],"views":3070,"_links":{"self":[{"href":"https:\/\/www.sudoestehoje.com.br\/novoportal\/wp-json\/wp\/v2\/posts\/65307","targetHints":{"allow":["GET"]}}],"collection":[{"href":"https:\/\/www.sudoestehoje.com.br\/novoportal\/wp-json\/wp\/v2\/posts"}],"about":[{"href":"https:\/\/www.sudoestehoje.com.br\/novoportal\/wp-json\/wp\/v2\/types\/post"}],"author":[{"embeddable":true,"href":"https:\/\/www.sudoestehoje.com.br\/novoportal\/wp-json\/wp\/v2\/users\/2"}],"replies":[{"embeddable":true,"href":"https:\/\/www.sudoestehoje.com.br\/novoportal\/wp-json\/wp\/v2\/comments?post=65307"}],"version-history":[{"count":6,"href":"https:\/\/www.sudoestehoje.com.br\/novoportal\/wp-json\/wp\/v2\/posts\/65307\/revisions"}],"predecessor-version":[{"id":65316,"href":"https:\/\/www.sudoestehoje.com.br\/novoportal\/wp-json\/wp\/v2\/posts\/65307\/revisions\/65316"}],"wp:featuredmedia":[{"embeddable":true,"href":"https:\/\/www.sudoestehoje.com.br\/novoportal\/wp-json\/wp\/v2\/media\/65308"}],"wp:attachment":[{"href":"https:\/\/www.sudoestehoje.com.br\/novoportal\/wp-json\/wp\/v2\/media?parent=65307"}],"wp:term":[{"taxonomy":"category","embeddable":true,"href":"https:\/\/www.sudoestehoje.com.br\/novoportal\/wp-json\/wp\/v2\/categories?post=65307"},{"taxonomy":"post_tag","embeddable":true,"href":"https:\/\/www.sudoestehoje.com.br\/novoportal\/wp-json\/wp\/v2\/tags?post=65307"}],"curies":[{"name":"wp","href":"https:\/\/api.w.org\/{rel}","templated":true}]}}