
{"id":65300,"date":"2017-05-12T20:18:06","date_gmt":"2017-05-12T23:18:06","guid":{"rendered":"http:\/\/www.sudoestehoje.com.br\/novoportal\/?p=65300"},"modified":"2017-05-12T22:06:24","modified_gmt":"2017-05-13T01:06:24","slug":"aguia-de-haia-deputada-ilheense-angela-sousa-e-citada-em-delacao","status":"publish","type":"post","link":"https:\/\/www.sudoestehoje.com.br\/novoportal\/2017\/05\/12\/aguia-de-haia-deputada-ilheense-angela-sousa-e-citada-em-delacao\/","title":{"rendered":"\u00c1GUIA DE HAIA: DEPUTADA ILHEENSE \u00c2NGELA SOUSA \u00c9 CITADA EM DELA\u00c7\u00c3O"},"content":{"rendered":"<p><a href=\"http:\/\/www.sudoestehoje.com.br\/novoportal\/wp-content\/uploads\/2017\/05\/ANGELA.jpg\"><img loading=\"lazy\" decoding=\"async\" class=\"aligncenter size-medium wp-image-65301\" src=\"http:\/\/www.sudoestehoje.com.br\/novoportal\/wp-content\/uploads\/2017\/05\/ANGELA-500x375.jpg\" alt=\"\" width=\"500\" height=\"375\" srcset=\"https:\/\/www.sudoestehoje.com.br\/novoportal\/wp-content\/uploads\/2017\/05\/ANGELA-500x375.jpg 500w, https:\/\/www.sudoestehoje.com.br\/novoportal\/wp-content\/uploads\/2017\/05\/ANGELA.jpg 640w\" sizes=\"auto, (max-width: 500px) 100vw, 500px\" \/><\/a><\/p>\n<p>Do <strong>Boc\u00e3o News<\/strong><\/p>\n<p>A deputada estadual \u00c2ngela Sousa (PSD) foi citada na dela\u00e7\u00e3o premiada do empres\u00e1rio Kells Belarmino Mendes, principal l\u00edder do esquema de corrup\u00e7\u00e3o que consistia em fraudar licita\u00e7\u00f5es e desviar dinheiro p\u00fablico da educa\u00e7\u00e3o em 19 cidades baianas. Mendes foi preso em julho de 2015, quando a Pol\u00edcia Federal deflagrou a opera\u00e7\u00e3o \u00c1guia de Haia para desarticular o grupo.<\/p>\n<p>O <em>Boc\u00e3o News<\/em> teve acesso ao trecho da dela\u00e7\u00e3o premiada que o empres\u00e1rio fez junto ao Minist\u00e9rio P\u00fablico Federal (MPF) e cita a participa\u00e7\u00e3o da deputada. O acordo de colabora\u00e7\u00e3o foi homologado no final do ano passado pelo Tribunal Regional Federal da 1\u00aa Regi\u00e3o (TRF1). A parlamentar foi delatada no bojo do inqu\u00e9rito policial instaurado para apurar a suposta pr\u00e1tica de crime de fraude em licita\u00e7\u00e3o no munic\u00edpio de Una, no sul baiano, na contrata\u00e7\u00e3o da Ktech Key Technology LTDA, pertencente a Belarmino Mendes.<\/p>\n<p>Ao MPF, o empres\u00e1rio apontado como l\u00edder do esquema contou que o contrato com a prefeitura de Una foi intermediado por \u00c2ngela Sousa e que n\u00e3o chegou, sequer, a se reunir com o ent\u00e3o prefeito Dejair Birschner para tratar sobre os termos do contrato e muito menos sobre os eventuais pagamentos. \u201cTodas as tratativas foram realizadas com a deputada \u00c2ngela\u201d, disse.<\/p>\n<p>De acordo com a dela\u00e7\u00e3o premiada, o acerto para a realiza\u00e7\u00e3o da licita\u00e7\u00e3o e contrata\u00e7\u00e3o da Ktech foi de que o empres\u00e1rio \u201cteria que entregar 30% do valor de cada fatura quitada pela prefeitura para o prefeito\u201d e \u201cque a deputada estadual \u00c2ngela Sousa iria receber o equivalente a 5% do valor das faturas pagas pela prefeitura de Una\u201d.<\/p>\n<p><strong>\u00c2NGELA DIZ QUE EMPRES\u00c1RIO \u00c9 \u201cMENTIROSO\u201d<\/strong><\/p>\n<p>Procurada pela reportagem, a deputada refutou com veem\u00eancia qualquer liga\u00e7\u00e3o com o grupo investigado na \u00c1guia de Haia. \u201cN\u00e3o tenho nada de envolvimento com isso. Eu n\u00e3o tinha nem prefeitos. A deputada aqui trabalha muito com associa\u00e7\u00f5es, eu n\u00e3o tinha prefeito na \u00e9poca\u201d, disse, rebatendo a afirma\u00e7\u00e3o de que seria respons\u00e1vel por aliciar prefeitos para a quadrilha administrada por Belarmino Mendes.<\/p>\n<p>A legisladora tamb\u00e9m negou que tenha se reunido com o prefeito de Una, Dejair, e com o empres\u00e1rio, em seu gabinete: \u201cMentiroso. Isso nunca\u201d. Como um dos preceitos para se fazer dela\u00e7\u00e3o premiada \u00e9 o de contar a verdade, a deputada acredita que \u201ccom certeza, vai cair\u201d a colabora\u00e7\u00e3o do acusado por achar que ele mentiu. <a href=\"http:\/\/www.bocaonews.com.br\/noticias\/politica\/politica\/174802,deputada-angela-sousa-cai-nas-garras-da-aguia-de-haia-com-delacao-de-empresario.html\" target=\"_blank\" rel=\"noopener noreferrer\">Confira a \u00edntegra da mat\u00e9ria<\/a>.<\/p>\n<p><img loading=\"lazy\" decoding=\"async\" class=\"\" src=\"http:\/\/www.sudoestehoje.com.br\/novoportal\/wp-content\/uploads\/2017\/05\/Banner-Institucional-530-x-225-CEOQ-Maio-2017-500x212.jpg\" width=\"502\" height=\"213\" \/><\/p>\n","protected":false},"excerpt":{"rendered":"<p>Do Boc\u00e3o News A deputada estadual \u00c2ngela Sousa (PSD) foi citada na dela\u00e7\u00e3o premiada do empres\u00e1rio Kells Belarmino Mendes, principal l\u00edder do esquema de corrup\u00e7\u00e3o que consistia em fraudar licita\u00e7\u00f5es e desviar dinheiro p\u00fablico da educa\u00e7\u00e3o em 19 cidades baianas. Mendes foi preso em julho de 2015, quando a Pol\u00edcia Federal deflagrou a opera\u00e7\u00e3o \u00c1guia [&hellip;]<\/p>\n","protected":false},"author":2,"featured_media":65301,"comment_status":"open","ping_status":"open","sticky":false,"template":"","format":"standard","meta":{"footnotes":"","_links_to":"","_links_to_target":""},"categories":[1],"tags":[],"class_list":["post-65300","post","type-post","status-publish","format-standard","has-post-thumbnail","hentry","category-geral"],"views":1777,"_links":{"self":[{"href":"https:\/\/www.sudoestehoje.com.br\/novoportal\/wp-json\/wp\/v2\/posts\/65300","targetHints":{"allow":["GET"]}}],"collection":[{"href":"https:\/\/www.sudoestehoje.com.br\/novoportal\/wp-json\/wp\/v2\/posts"}],"about":[{"href":"https:\/\/www.sudoestehoje.com.br\/novoportal\/wp-json\/wp\/v2\/types\/post"}],"author":[{"embeddable":true,"href":"https:\/\/www.sudoestehoje.com.br\/novoportal\/wp-json\/wp\/v2\/users\/2"}],"replies":[{"embeddable":true,"href":"https:\/\/www.sudoestehoje.com.br\/novoportal\/wp-json\/wp\/v2\/comments?post=65300"}],"version-history":[{"count":2,"href":"https:\/\/www.sudoestehoje.com.br\/novoportal\/wp-json\/wp\/v2\/posts\/65300\/revisions"}],"predecessor-version":[{"id":65319,"href":"https:\/\/www.sudoestehoje.com.br\/novoportal\/wp-json\/wp\/v2\/posts\/65300\/revisions\/65319"}],"wp:featuredmedia":[{"embeddable":true,"href":"https:\/\/www.sudoestehoje.com.br\/novoportal\/wp-json\/wp\/v2\/media\/65301"}],"wp:attachment":[{"href":"https:\/\/www.sudoestehoje.com.br\/novoportal\/wp-json\/wp\/v2\/media?parent=65300"}],"wp:term":[{"taxonomy":"category","embeddable":true,"href":"https:\/\/www.sudoestehoje.com.br\/novoportal\/wp-json\/wp\/v2\/categories?post=65300"},{"taxonomy":"post_tag","embeddable":true,"href":"https:\/\/www.sudoestehoje.com.br\/novoportal\/wp-json\/wp\/v2\/tags?post=65300"}],"curies":[{"name":"wp","href":"https:\/\/api.w.org\/{rel}","templated":true}]}}