
{"id":6530,"date":"2011-07-08T00:19:50","date_gmt":"2011-07-08T03:19:50","guid":{"rendered":"http:\/\/www.sudoestehoje.com.br\/novoportal\/?p=6530"},"modified":"2011-07-08T00:31:13","modified_gmt":"2011-07-08T03:31:13","slug":"itapetinga-prefeito-nao-quer-presenca-de-wagner-na-entrega-do-minha-casa","status":"publish","type":"post","link":"https:\/\/www.sudoestehoje.com.br\/novoportal\/2011\/07\/08\/itapetinga-prefeito-nao-quer-presenca-de-wagner-na-entrega-do-minha-casa\/","title":{"rendered":"ITAPETINGA: PREFEITO N\u00c3O QUER WAGNER NA ENTREGA DO &#8216;MINHA CASA&#8217;"},"content":{"rendered":"<p style=\"text-align: center;\"><img loading=\"lazy\" decoding=\"async\" class=\"aligncenter\" src=\"http:\/\/www.blogdaresenhageral.com.br\/v1\/wp-content\/uploads\/DSC_01002-300x20016.jpg\" alt=\"\" width=\"330\" height=\"229\" \/><\/p>\n<p style=\"text-align: center;\"><em><strong>Presen\u00e7a de Wagner pode ofuscar &#8220;brilho&#8221; de Z\u00e9 Carlos (PT)<\/strong><\/em><\/p>\n<p>\u00a0<\/p>\n<p>ITAPETINGA: Enquanto o governador Jaques Wagner cumpre agenda em Vit\u00f3ria da Conquista, na pr\u00f3xima segunda, participando da entrega de 1000 unidades habitacionais do &#8216;Minha Casa, Minha Vida&#8221;, a convite do prefeito Guilherme Menezes (PT)\u00a0, os neo-petistas de Itapetinga torcem para que o governador n\u00e3o compare\u00e7a \u00e0 &#8216;capital da pecu\u00e1ria&#8217; e do desemprego, na entrega das 500 unidades do Loteamento &#8220;Mangueir\u00e3o&#8221; (12 de Dezembro), previsto para o pr\u00f3ximo m\u00eas de agosto.<\/p>\n<p>Segundo\u00a0fonte ligada ao PT local, a presen\u00e7a de Wagner n\u00e3o seria bem aceita, para n\u00e3o ofuscar o &#8220;brilho&#8221; do prefeito Z\u00e9 Carlos (PT), que\u00a0 &#8220;ponga&#8221; e aposta todas as suas fichas nas obras do Governo Federal, vez que n\u00e3o realizou nenhuma\u00a0obra com recursos\u00a0pr\u00f3prios do\u00a0munic\u00edpio, durante o seu governo.<\/p>\n<p>Parece que o &#8220;car\u00e3o&#8221; passado pela representante da Caixa Econ\u00f4mica Federal, no sorteio das\u00a0ocorrido no ITC, nesta quarta-feira, afirmando que as casas n\u00e3o eram presentes da prefeitura nem do governo e que quem compra n\u00e3o deve favor a ningu\u00e9m, deixou o prefeito com as barbas de molho.<\/p>\n<p>Vai que\u00a0\u00a0Wagner resolve &#8216;puxar&#8217; para si o m\u00e9rito do empreendimento&#8230; Se isto ocorrer, quem vai ligar para o coitado do prefeito? Assim, na cegueira dos Z\u00e9carlistas, \u00e9\u00a0melhor que Wagner fique por l\u00e1 mesmo. Ser\u00e1 que fica?<\/p>\n<p><em><strong>Por DAVI FERRAZ<\/strong><\/em><\/p>\n","protected":false},"excerpt":{"rendered":"<p>Presen\u00e7a de Wagner pode ofuscar &#8220;brilho&#8221; de Z\u00e9 Carlos (PT) \u00a0 ITAPETINGA: Enquanto o governador Jaques Wagner cumpre agenda em Vit\u00f3ria da Conquista, na pr\u00f3xima segunda, participando da entrega de 1000 unidades habitacionais do &#8216;Minha Casa, Minha Vida&#8221;, a convite do prefeito Guilherme Menezes (PT)\u00a0, os neo-petistas de Itapetinga torcem para que o governador n\u00e3o [&hellip;]<\/p>\n","protected":false},"author":2,"featured_media":0,"comment_status":"open","ping_status":"open","sticky":false,"template":"","format":"standard","meta":{"footnotes":"","_links_to":"","_links_to_target":""},"categories":[1],"tags":[],"class_list":["post-6530","post","type-post","status-publish","format-standard","hentry","category-geral"],"views":1123,"_links":{"self":[{"href":"https:\/\/www.sudoestehoje.com.br\/novoportal\/wp-json\/wp\/v2\/posts\/6530","targetHints":{"allow":["GET"]}}],"collection":[{"href":"https:\/\/www.sudoestehoje.com.br\/novoportal\/wp-json\/wp\/v2\/posts"}],"about":[{"href":"https:\/\/www.sudoestehoje.com.br\/novoportal\/wp-json\/wp\/v2\/types\/post"}],"author":[{"embeddable":true,"href":"https:\/\/www.sudoestehoje.com.br\/novoportal\/wp-json\/wp\/v2\/users\/2"}],"replies":[{"embeddable":true,"href":"https:\/\/www.sudoestehoje.com.br\/novoportal\/wp-json\/wp\/v2\/comments?post=6530"}],"version-history":[{"count":8,"href":"https:\/\/www.sudoestehoje.com.br\/novoportal\/wp-json\/wp\/v2\/posts\/6530\/revisions"}],"predecessor-version":[{"id":6536,"href":"https:\/\/www.sudoestehoje.com.br\/novoportal\/wp-json\/wp\/v2\/posts\/6530\/revisions\/6536"}],"wp:attachment":[{"href":"https:\/\/www.sudoestehoje.com.br\/novoportal\/wp-json\/wp\/v2\/media?parent=6530"}],"wp:term":[{"taxonomy":"category","embeddable":true,"href":"https:\/\/www.sudoestehoje.com.br\/novoportal\/wp-json\/wp\/v2\/categories?post=6530"},{"taxonomy":"post_tag","embeddable":true,"href":"https:\/\/www.sudoestehoje.com.br\/novoportal\/wp-json\/wp\/v2\/tags?post=6530"}],"curies":[{"name":"wp","href":"https:\/\/api.w.org\/{rel}","templated":true}]}}