
{"id":65280,"date":"2017-05-11T22:00:48","date_gmt":"2017-05-12T01:00:48","guid":{"rendered":"http:\/\/www.sudoestehoje.com.br\/novoportal\/?p=65280"},"modified":"2017-05-11T22:00:48","modified_gmt":"2017-05-12T01:00:48","slug":"macarani-prefeito-miller-ferraz-anuncia-construcao-de-praca-de-esportes","status":"publish","type":"post","link":"https:\/\/www.sudoestehoje.com.br\/novoportal\/2017\/05\/11\/macarani-prefeito-miller-ferraz-anuncia-construcao-de-praca-de-esportes\/","title":{"rendered":"MACARANI: PREFEITO MILLER FERRAZ ANUNCIA CONSTRU\u00c7\u00c3O DE PRA\u00c7A DE ESPORTES"},"content":{"rendered":"<p><a href=\"http:\/\/www.sudoestehoje.com.br\/novoportal\/wp-content\/uploads\/2017\/05\/quadra-1.jpg\"><img loading=\"lazy\" decoding=\"async\" class=\"aligncenter size-medium wp-image-65281\" src=\"http:\/\/www.sudoestehoje.com.br\/novoportal\/wp-content\/uploads\/2017\/05\/quadra-1-500x375.jpg\" alt=\"\" width=\"500\" height=\"375\" srcset=\"https:\/\/www.sudoestehoje.com.br\/novoportal\/wp-content\/uploads\/2017\/05\/quadra-1-500x375.jpg 500w, https:\/\/www.sudoestehoje.com.br\/novoportal\/wp-content\/uploads\/2017\/05\/quadra-1-768x576.jpg 768w, https:\/\/www.sudoestehoje.com.br\/novoportal\/wp-content\/uploads\/2017\/05\/quadra-1-700x525.jpg 700w, https:\/\/www.sudoestehoje.com.br\/novoportal\/wp-content\/uploads\/2017\/05\/quadra-1.jpg 960w\" sizes=\"auto, (max-width: 500px) 100vw, 500px\" \/><\/a><\/p>\n<p>Na manh\u00e3 quinta-feira (21), o prefeito de Macarani Miller Ferraz determinou o in\u00edcio das obras de reconstru\u00e7\u00e3o da Pra\u00e7a Municipal de Esportes, localizada no centro, pr\u00f3ximo ao Col\u00e9gio Normal S\u00e3o Pedro, que como as\u00a0outras quadras para pr\u00e1tica de esportes do munic\u00edpio, estiveram abandonadas nos \u00faltimos tempos.<\/p>\n<p><a href=\"http:\/\/www.sudoestehoje.com.br\/novoportal\/wp-content\/uploads\/2017\/05\/quadra-2.jpg\"><img loading=\"lazy\" decoding=\"async\" class=\"aligncenter size-medium wp-image-65282\" src=\"http:\/\/www.sudoestehoje.com.br\/novoportal\/wp-content\/uploads\/2017\/05\/quadra-2-500x375.jpg\" alt=\"\" width=\"500\" height=\"375\" srcset=\"https:\/\/www.sudoestehoje.com.br\/novoportal\/wp-content\/uploads\/2017\/05\/quadra-2-500x375.jpg 500w, https:\/\/www.sudoestehoje.com.br\/novoportal\/wp-content\/uploads\/2017\/05\/quadra-2-768x576.jpg 768w, https:\/\/www.sudoestehoje.com.br\/novoportal\/wp-content\/uploads\/2017\/05\/quadra-2-700x525.jpg 700w, https:\/\/www.sudoestehoje.com.br\/novoportal\/wp-content\/uploads\/2017\/05\/quadra-2.jpg 960w\" sizes=\"auto, (max-width: 500px) 100vw, 500px\" \/><\/a><\/p>\n<p><em>&#8220;Meu posicionamento como m\u00e9dico e como gestor p\u00fablico \u00e9 o de que esporte \u00e9 sa\u00fade e vida. Venho incentivando as atividades esportivas, atrav\u00e9s do D<span class=\"text_exposed_show\">epartamento Municipal de Esportes e tamb\u00e9m da Secretaria de A\u00e7\u00e3o Social, o CRAS&#8221;, <\/span><\/em><span class=\"text_exposed_show\">assegurou o prefeito Miller<\/span><em><span class=\"text_exposed_show\">.<\/span><\/em><\/p>\n<p><a href=\"http:\/\/www.sudoestehoje.com.br\/novoportal\/wp-content\/uploads\/2017\/05\/quadra-3.jpg\"><img loading=\"lazy\" decoding=\"async\" class=\"aligncenter size-medium wp-image-65283\" src=\"http:\/\/www.sudoestehoje.com.br\/novoportal\/wp-content\/uploads\/2017\/05\/quadra-3-500x375.jpg\" alt=\"\" width=\"500\" height=\"375\" srcset=\"https:\/\/www.sudoestehoje.com.br\/novoportal\/wp-content\/uploads\/2017\/05\/quadra-3-500x375.jpg 500w, https:\/\/www.sudoestehoje.com.br\/novoportal\/wp-content\/uploads\/2017\/05\/quadra-3-768x576.jpg 768w, https:\/\/www.sudoestehoje.com.br\/novoportal\/wp-content\/uploads\/2017\/05\/quadra-3-700x525.jpg 700w, https:\/\/www.sudoestehoje.com.br\/novoportal\/wp-content\/uploads\/2017\/05\/quadra-3.jpg 960w\" sizes=\"auto, (max-width: 500px) 100vw, 500px\" \/><\/a><\/p>\n<div class=\"text_exposed_show\">\n<p>O prefeito declarou ainda que est\u00e1 apoiando o projeto da Escolinha de Futebol &#8220;Bom de Bola, Bom de Escola&#8221;, no Est\u00e1dio Carlito Nova, e demais projetos esportivos, e que come\u00e7ar\u00e1 a reconstru\u00e7\u00e3o da Pra\u00e7a Municipal de Esportes do centro da cidade. Miller informou tamb\u00e9m que logo dar\u00e1 a ordem para a reconstru\u00e7\u00e3o e reforma das outras quadras da sede do munic\u00edpio e distritos. \/\/<em>Ascom Prefeitura<\/em><\/p>\n<\/div>\n","protected":false},"excerpt":{"rendered":"<p>Na manh\u00e3 quinta-feira (21), o prefeito de Macarani Miller Ferraz determinou o in\u00edcio das obras de reconstru\u00e7\u00e3o da Pra\u00e7a Municipal de Esportes, localizada no centro, pr\u00f3ximo ao Col\u00e9gio Normal S\u00e3o Pedro, que como as\u00a0outras quadras para pr\u00e1tica de esportes do munic\u00edpio, estiveram abandonadas nos \u00faltimos tempos. &#8220;Meu posicionamento como m\u00e9dico e como gestor p\u00fablico \u00e9 [&hellip;]<\/p>\n","protected":false},"author":2,"featured_media":65281,"comment_status":"open","ping_status":"open","sticky":false,"template":"","format":"standard","meta":{"footnotes":"","_links_to":"","_links_to_target":""},"categories":[1],"tags":[],"class_list":["post-65280","post","type-post","status-publish","format-standard","has-post-thumbnail","hentry","category-geral"],"views":2061,"_links":{"self":[{"href":"https:\/\/www.sudoestehoje.com.br\/novoportal\/wp-json\/wp\/v2\/posts\/65280","targetHints":{"allow":["GET"]}}],"collection":[{"href":"https:\/\/www.sudoestehoje.com.br\/novoportal\/wp-json\/wp\/v2\/posts"}],"about":[{"href":"https:\/\/www.sudoestehoje.com.br\/novoportal\/wp-json\/wp\/v2\/types\/post"}],"author":[{"embeddable":true,"href":"https:\/\/www.sudoestehoje.com.br\/novoportal\/wp-json\/wp\/v2\/users\/2"}],"replies":[{"embeddable":true,"href":"https:\/\/www.sudoestehoje.com.br\/novoportal\/wp-json\/wp\/v2\/comments?post=65280"}],"version-history":[{"count":1,"href":"https:\/\/www.sudoestehoje.com.br\/novoportal\/wp-json\/wp\/v2\/posts\/65280\/revisions"}],"predecessor-version":[{"id":65284,"href":"https:\/\/www.sudoestehoje.com.br\/novoportal\/wp-json\/wp\/v2\/posts\/65280\/revisions\/65284"}],"wp:featuredmedia":[{"embeddable":true,"href":"https:\/\/www.sudoestehoje.com.br\/novoportal\/wp-json\/wp\/v2\/media\/65281"}],"wp:attachment":[{"href":"https:\/\/www.sudoestehoje.com.br\/novoportal\/wp-json\/wp\/v2\/media?parent=65280"}],"wp:term":[{"taxonomy":"category","embeddable":true,"href":"https:\/\/www.sudoestehoje.com.br\/novoportal\/wp-json\/wp\/v2\/categories?post=65280"},{"taxonomy":"post_tag","embeddable":true,"href":"https:\/\/www.sudoestehoje.com.br\/novoportal\/wp-json\/wp\/v2\/tags?post=65280"}],"curies":[{"name":"wp","href":"https:\/\/api.w.org\/{rel}","templated":true}]}}