
{"id":65272,"date":"2017-05-10T19:45:23","date_gmt":"2017-05-10T22:45:23","guid":{"rendered":"http:\/\/www.sudoestehoje.com.br\/novoportal\/?p=65272"},"modified":"2017-05-10T19:45:23","modified_gmt":"2017-05-10T22:45:23","slug":"itapetinga-morte-prematura-da-jovem-natalia-repercute-nas-redes-sociais","status":"publish","type":"post","link":"https:\/\/www.sudoestehoje.com.br\/novoportal\/2017\/05\/10\/itapetinga-morte-prematura-da-jovem-natalia-repercute-nas-redes-sociais\/","title":{"rendered":"ITAPETINGA: MORTE PREMATURA DA JOVEM NAT\u00c1LIA REPERCUTE NAS REDES SOCIAIS"},"content":{"rendered":"<p><a href=\"http:\/\/www.sudoestehoje.com.br\/novoportal\/wp-content\/uploads\/2017\/05\/natalia.jpg\"><img loading=\"lazy\" decoding=\"async\" class=\"aligncenter size-medium wp-image-65273\" src=\"http:\/\/www.sudoestehoje.com.br\/novoportal\/wp-content\/uploads\/2017\/05\/natalia-500x310.jpg\" alt=\"\" width=\"500\" height=\"310\" \/><\/a><\/p>\n<p>Repercute nas redes sociais a morte prematura da jovem Nat\u00e1lia Freire. Natural de Firmino Alves, no Sul do Estado, durante muitos anos Nat\u00e1lia estudou em Itapetinga e possu\u00eda v\u00e1rios amigos em Vit\u00f3ria da Conquista.\u00a0V\u00edtima de leucemia, Nath\u00e1lia lutou contra a doen\u00e7a, passando por um longo tratamento em S\u00e3o Paulo.<\/p>\n<p>Em julho de 2016, ap\u00f3s seis meses de tratamentos agressivos, a jovem ouviu dos m\u00e9dicos que estava \u201csem sinais\u201d da doen\u00e7a. Um transplante de medula que ela recebeu da irm\u00e3, que era 100% compat\u00edvel, ajudou na recupera\u00e7\u00e3o.<\/p>\n<p>Por\u00e9m, em janeiro de 2017 Nat\u00e1lia foi diagnosticada com c\u00e2ncer pela segunda vez. E em meio a um novo tratamento foi ent\u00e3o que seu noivo, \u00a0J\u00fanior Oliveira pediu a jovem em casamento e resolveram se casar ali mesmo, no Hospital onde Nat\u00e1lia estava internada.<\/p>\n<p>O fato gerou uma verdadeira como\u00e7\u00e3o em todo o Brasil, ap\u00f3s a imprensa divulgar a not\u00edcia sobre a luta de Nat\u00e1lia em diversos ve\u00edculos de comunica\u00e7\u00e3o. \/\/BRF<\/p>\n","protected":false},"excerpt":{"rendered":"<p>Repercute nas redes sociais a morte prematura da jovem Nat\u00e1lia Freire. Natural de Firmino Alves, no Sul do Estado, durante muitos anos Nat\u00e1lia estudou em Itapetinga e possu\u00eda v\u00e1rios amigos em Vit\u00f3ria da Conquista.\u00a0V\u00edtima de leucemia, Nath\u00e1lia lutou contra a doen\u00e7a, passando por um longo tratamento em S\u00e3o Paulo. Em julho de 2016, ap\u00f3s seis [&hellip;]<\/p>\n","protected":false},"author":2,"featured_media":65273,"comment_status":"open","ping_status":"open","sticky":false,"template":"","format":"standard","meta":{"footnotes":"","_links_to":"","_links_to_target":""},"categories":[1],"tags":[],"class_list":["post-65272","post","type-post","status-publish","format-standard","has-post-thumbnail","hentry","category-geral"],"views":3324,"_links":{"self":[{"href":"https:\/\/www.sudoestehoje.com.br\/novoportal\/wp-json\/wp\/v2\/posts\/65272","targetHints":{"allow":["GET"]}}],"collection":[{"href":"https:\/\/www.sudoestehoje.com.br\/novoportal\/wp-json\/wp\/v2\/posts"}],"about":[{"href":"https:\/\/www.sudoestehoje.com.br\/novoportal\/wp-json\/wp\/v2\/types\/post"}],"author":[{"embeddable":true,"href":"https:\/\/www.sudoestehoje.com.br\/novoportal\/wp-json\/wp\/v2\/users\/2"}],"replies":[{"embeddable":true,"href":"https:\/\/www.sudoestehoje.com.br\/novoportal\/wp-json\/wp\/v2\/comments?post=65272"}],"version-history":[{"count":3,"href":"https:\/\/www.sudoestehoje.com.br\/novoportal\/wp-json\/wp\/v2\/posts\/65272\/revisions"}],"predecessor-version":[{"id":65276,"href":"https:\/\/www.sudoestehoje.com.br\/novoportal\/wp-json\/wp\/v2\/posts\/65272\/revisions\/65276"}],"wp:featuredmedia":[{"embeddable":true,"href":"https:\/\/www.sudoestehoje.com.br\/novoportal\/wp-json\/wp\/v2\/media\/65273"}],"wp:attachment":[{"href":"https:\/\/www.sudoestehoje.com.br\/novoportal\/wp-json\/wp\/v2\/media?parent=65272"}],"wp:term":[{"taxonomy":"category","embeddable":true,"href":"https:\/\/www.sudoestehoje.com.br\/novoportal\/wp-json\/wp\/v2\/categories?post=65272"},{"taxonomy":"post_tag","embeddable":true,"href":"https:\/\/www.sudoestehoje.com.br\/novoportal\/wp-json\/wp\/v2\/tags?post=65272"}],"curies":[{"name":"wp","href":"https:\/\/api.w.org\/{rel}","templated":true}]}}