
{"id":65267,"date":"2017-05-10T18:18:10","date_gmt":"2017-05-10T21:18:10","guid":{"rendered":"http:\/\/www.sudoestehoje.com.br\/novoportal\/?p=65267"},"modified":"2017-05-10T19:15:48","modified_gmt":"2017-05-10T22:15:48","slug":"morre-ao-65-anos-o-ator-nelson-xavier","status":"publish","type":"post","link":"https:\/\/www.sudoestehoje.com.br\/novoportal\/2017\/05\/10\/morre-ao-65-anos-o-ator-nelson-xavier\/","title":{"rendered":"MORRE AO 65 ANOS O ATOR NELSON XAVIER"},"content":{"rendered":"<div class=\"mc-column content-text active-extra-styles active-capital-letter\" data-block-type=\"unstyled\" data-block-weight=\"34\">\n<p class=\"content-text__container theme-color-primary-first-letter\" data-track-category=\"Link no Texto\" data-track-links=\"\"><a href=\"http:\/\/www.sudoestehoje.com.br\/novoportal\/wp-content\/uploads\/2017\/05\/nelson-xavier.jpg\"><img loading=\"lazy\" decoding=\"async\" class=\"aligncenter size-medium wp-image-65268\" src=\"http:\/\/www.sudoestehoje.com.br\/novoportal\/wp-content\/uploads\/2017\/05\/nelson-xavier-500x282.jpg\" alt=\"\" width=\"500\" height=\"282\" srcset=\"https:\/\/www.sudoestehoje.com.br\/novoportal\/wp-content\/uploads\/2017\/05\/nelson-xavier-500x282.jpg 500w, https:\/\/www.sudoestehoje.com.br\/novoportal\/wp-content\/uploads\/2017\/05\/nelson-xavier.jpg 620w\" sizes=\"auto, (max-width: 500px) 100vw, 500px\" \/><\/a><\/p>\n<p class=\"content-text__container theme-color-primary-first-letter\" data-track-category=\"Link no Texto\" data-track-links=\"\">O ator Nelson Xavier morreu, aos 75 anos, na madrugada desta quarta-feira (10), em Uberl\u00e2ndia, Minas Gerais. Tereza Villela Xavier, filha do ator, usou sua p\u00e1gina no Facebook para falar da perda do pai.<\/p>\n<\/div>\n<div class=\"mc-column content-text active-extra-styles \" data-block-type=\"unstyled\" data-block-weight=\"64\">\n<p class=\"content-text__container \" data-track-category=\"Link no Texto\" data-track-links=\"\">&#8220;Lamento informar a quem possa interessar que meu pai, Nelson Xavier, faleceu esta noite em Uberl\u00e2ndia. Seu corpo ser\u00e1 transferido, celebrado e cremado no Rio de Janeiro em cemit\u00e9rio ainda n\u00e3o determinado. Agrade\u00e7o desde j\u00e1 as mensagens de apoio. Ele virou um planeta! Estrela ele j\u00e1 era. Fez tudo que quis, do jeito que quis e da sua melhor maneira poss\u00edvel, sempre&#8221;, escreveu ela.<\/p>\n<\/div>\n<div class=\"mc-column content-text active-extra-styles \" data-block-type=\"unstyled\" data-block-weight=\"44\">\n<p class=\"content-text__container \" data-track-category=\"Link no Texto\" data-track-links=\"\">Em 2014, durante o Festival de Gramado, Nelson Xavier contou que fez tratamento contra o c\u00e2ncer de pr\u00f3stata em 2004 e que estava livre da doen\u00e7a. Foi l\u00e1 tamb\u00e9m que recebeu o pr\u00eamio de melhor ator com &#8220;A despedida&#8221;, um de seus \u00faltimos trabalhos.<\/p>\n<\/div>\n<div class=\"mc-column content-text active-extra-styles \" data-block-type=\"unstyled\" data-block-weight=\"57\">\n<p class=\"content-text__container \" data-track-category=\"Link no Texto\" data-track-links=\"\">Nelson Xavier j\u00e1 vinha sendo tratado em uma cl\u00ednica de geriatria na cidade, prestadora de servi\u00e7o do Hospital Santa Genoveva. Segundo informa\u00e7\u00f5es do hospital ao G1, ele deu entrada nesta ter\u00e7a-feira (9), \u00e0s 10h57 e, em seguida, foi transferido para um quarto particular<a href=\"http:\/\/g1.globo.com\/minas-gerais\/triangulo-mineiro\/noticia\/ator-nelson-xavier-faleceu-proximo-a-amigos-e-familiares-em-uberlandia.ghtml\">. <\/a>A morte, por volta das 0h45, ocorreu ap\u00f3s o agravamento de uma doen\u00e7a pulmonar.<\/p>\n<\/div>\n<div class=\"mc-column content-text active-extra-styles \" data-block-type=\"unstyled\" data-block-weight=\"41\">\n<p class=\"content-text__container \" data-track-category=\"Link no Texto\" data-track-links=\"\">&#8220;O ator faleceu pr\u00f3ximo a amigos e familiares. Estava com o semblante sereno&#8221;, disse o m\u00e9dico geriatra Tiago Ferolla. O corpo foi encaminhado para uma funer\u00e1ria do munic\u00edpio e deve ser levado no in\u00edcio da tarde para o Rio de Janeiro.<\/p>\n<p class=\"content-text__container \" data-track-category=\"Link no Texto\" data-track-links=\"\"><img decoding=\"async\" src=\"http:\/\/www.sudoestehoje.com.br\/novoportal\/wp-content\/uploads\/2014\/12\/skala-novo.jpg\" alt=\"Resultado de imagem para skala modas itapetinga\" \/><\/p>\n<\/div>\n","protected":false},"excerpt":{"rendered":"<p>O ator Nelson Xavier morreu, aos 75 anos, na madrugada desta quarta-feira (10), em Uberl\u00e2ndia, Minas Gerais. Tereza Villela Xavier, filha do ator, usou sua p\u00e1gina no Facebook para falar da perda do pai. &#8220;Lamento informar a quem possa interessar que meu pai, Nelson Xavier, faleceu esta noite em Uberl\u00e2ndia. Seu corpo ser\u00e1 transferido, celebrado [&hellip;]<\/p>\n","protected":false},"author":2,"featured_media":65268,"comment_status":"open","ping_status":"open","sticky":false,"template":"","format":"standard","meta":{"footnotes":"","_links_to":"","_links_to_target":""},"categories":[1],"tags":[],"class_list":["post-65267","post","type-post","status-publish","format-standard","has-post-thumbnail","hentry","category-geral"],"views":1648,"_links":{"self":[{"href":"https:\/\/www.sudoestehoje.com.br\/novoportal\/wp-json\/wp\/v2\/posts\/65267","targetHints":{"allow":["GET"]}}],"collection":[{"href":"https:\/\/www.sudoestehoje.com.br\/novoportal\/wp-json\/wp\/v2\/posts"}],"about":[{"href":"https:\/\/www.sudoestehoje.com.br\/novoportal\/wp-json\/wp\/v2\/types\/post"}],"author":[{"embeddable":true,"href":"https:\/\/www.sudoestehoje.com.br\/novoportal\/wp-json\/wp\/v2\/users\/2"}],"replies":[{"embeddable":true,"href":"https:\/\/www.sudoestehoje.com.br\/novoportal\/wp-json\/wp\/v2\/comments?post=65267"}],"version-history":[{"count":2,"href":"https:\/\/www.sudoestehoje.com.br\/novoportal\/wp-json\/wp\/v2\/posts\/65267\/revisions"}],"predecessor-version":[{"id":65270,"href":"https:\/\/www.sudoestehoje.com.br\/novoportal\/wp-json\/wp\/v2\/posts\/65267\/revisions\/65270"}],"wp:featuredmedia":[{"embeddable":true,"href":"https:\/\/www.sudoestehoje.com.br\/novoportal\/wp-json\/wp\/v2\/media\/65268"}],"wp:attachment":[{"href":"https:\/\/www.sudoestehoje.com.br\/novoportal\/wp-json\/wp\/v2\/media?parent=65267"}],"wp:term":[{"taxonomy":"category","embeddable":true,"href":"https:\/\/www.sudoestehoje.com.br\/novoportal\/wp-json\/wp\/v2\/categories?post=65267"},{"taxonomy":"post_tag","embeddable":true,"href":"https:\/\/www.sudoestehoje.com.br\/novoportal\/wp-json\/wp\/v2\/tags?post=65267"}],"curies":[{"name":"wp","href":"https:\/\/api.w.org\/{rel}","templated":true}]}}