
{"id":6526,"date":"2011-07-08T00:09:34","date_gmt":"2011-07-08T03:09:34","guid":{"rendered":"http:\/\/www.sudoestehoje.com.br\/novoportal\/?p=6526"},"modified":"2011-07-08T00:24:54","modified_gmt":"2011-07-08T03:24:54","slug":"pcdob-podera-compor-chapa-petista-em-conquista","status":"publish","type":"post","link":"https:\/\/www.sudoestehoje.com.br\/novoportal\/2011\/07\/08\/pcdob-podera-compor-chapa-petista-em-conquista\/","title":{"rendered":"PCdoB PODER\u00c1 COMPOR CHAPA PETISTA EM CONQUISTA"},"content":{"rendered":"<pre style=\"text-align: center;\"><em>Composi\u00e7\u00e3o: Blog do Anderson<\/em><\/pre>\n<p style=\"text-align: center;\"><em><a rel=\"lightbox[45934]\" href=\"http:\/\/www.blogdoanderson.com\/v2\/wp-content\/uploads\/2011\/07\/Desktop8.jpg\"><img loading=\"lazy\" decoding=\"async\" class=\"aligncenter\" title=\"Desktop8\" src=\"http:\/\/www.blogdoanderson.com\/v2\/wp-content\/uploads\/2011\/07\/Desktop8.jpg\" alt=\"\" width=\"420\" height=\"240\" \/><\/a><\/em><\/p>\n<p>VIT\u00d3RIA DA CONQUISTA: Nos bastidores da Pol\u00edtica Conquistense j\u00e1 circulam nomes para a t\u00e3o desejada vaga de vice-prefeito de Vit\u00f3ria da Conquista na chapa do prefeito Guilherme Menezes (PT), que poder\u00e1 ser composta por um comunista, caso o deputado Jean Fabr\u00edcio n\u00e3o lance sua candidatura nas pr\u00f3ximas elei\u00e7\u00f5es de 2012.<\/p>\n<p>O secret\u00e1rio Municipal de Servi\u00e7os P\u00fablicos, Miguel Fel\u00edcio, e a Coordenadora Municipal de Turismo, Vivalda Braga, s\u00e3o os nomes preferidos pelos petistas para ocupar a vaga do professor Ricardo Marques. Al\u00e9m do deputado Fabr\u00edcio, quatro personalidades s\u00e3o apontadas como prefeitur\u00e1veis: Abel Rebou\u00e7as (PDT), Elve Cardoso (PSB), Herzem Gusm\u00e3o (PMDB) e Ticol\u00f4 (PSDB).<\/p>\n<p>Miguel Fel\u00edcio \u00e9 itapetinguense e irm\u00e3o do vereador Gilson de Jesus, tamb\u00e9m do PCdoB.<\/p>\n<p>Informa\u00e7\u00f5es do <em>Blog do Anderson<\/em><\/p>\n","protected":false},"excerpt":{"rendered":"<p>Composi\u00e7\u00e3o: Blog do Anderson VIT\u00d3RIA DA CONQUISTA: Nos bastidores da Pol\u00edtica Conquistense j\u00e1 circulam nomes para a t\u00e3o desejada vaga de vice-prefeito de Vit\u00f3ria da Conquista na chapa do prefeito Guilherme Menezes (PT), que poder\u00e1 ser composta por um comunista, caso o deputado Jean Fabr\u00edcio n\u00e3o lance sua candidatura nas pr\u00f3ximas elei\u00e7\u00f5es de 2012. O [&hellip;]<\/p>\n","protected":false},"author":2,"featured_media":0,"comment_status":"open","ping_status":"open","sticky":false,"template":"","format":"standard","meta":{"footnotes":"","_links_to":"","_links_to_target":""},"categories":[1],"tags":[],"class_list":["post-6526","post","type-post","status-publish","format-standard","hentry","category-geral"],"views":1260,"_links":{"self":[{"href":"https:\/\/www.sudoestehoje.com.br\/novoportal\/wp-json\/wp\/v2\/posts\/6526","targetHints":{"allow":["GET"]}}],"collection":[{"href":"https:\/\/www.sudoestehoje.com.br\/novoportal\/wp-json\/wp\/v2\/posts"}],"about":[{"href":"https:\/\/www.sudoestehoje.com.br\/novoportal\/wp-json\/wp\/v2\/types\/post"}],"author":[{"embeddable":true,"href":"https:\/\/www.sudoestehoje.com.br\/novoportal\/wp-json\/wp\/v2\/users\/2"}],"replies":[{"embeddable":true,"href":"https:\/\/www.sudoestehoje.com.br\/novoportal\/wp-json\/wp\/v2\/comments?post=6526"}],"version-history":[{"count":4,"href":"https:\/\/www.sudoestehoje.com.br\/novoportal\/wp-json\/wp\/v2\/posts\/6526\/revisions"}],"predecessor-version":[{"id":6529,"href":"https:\/\/www.sudoestehoje.com.br\/novoportal\/wp-json\/wp\/v2\/posts\/6526\/revisions\/6529"}],"wp:attachment":[{"href":"https:\/\/www.sudoestehoje.com.br\/novoportal\/wp-json\/wp\/v2\/media?parent=6526"}],"wp:term":[{"taxonomy":"category","embeddable":true,"href":"https:\/\/www.sudoestehoje.com.br\/novoportal\/wp-json\/wp\/v2\/categories?post=6526"},{"taxonomy":"post_tag","embeddable":true,"href":"https:\/\/www.sudoestehoje.com.br\/novoportal\/wp-json\/wp\/v2\/tags?post=6526"}],"curies":[{"name":"wp","href":"https:\/\/api.w.org\/{rel}","templated":true}]}}