
{"id":65236,"date":"2017-05-09T01:00:17","date_gmt":"2017-05-09T04:00:17","guid":{"rendered":"http:\/\/www.sudoestehoje.com.br\/novoportal\/?p=65236"},"modified":"2017-05-10T18:04:44","modified_gmt":"2017-05-10T21:04:44","slug":"jequie-tamanho-de-mochilas-escolares-doadas-pela-prefeitura-viram-piada-na-net","status":"publish","type":"post","link":"https:\/\/www.sudoestehoje.com.br\/novoportal\/2017\/05\/09\/jequie-tamanho-de-mochilas-escolares-doadas-pela-prefeitura-viram-piada-na-net\/","title":{"rendered":"JEQUI\u00c9: TAMANHO DE MOCHILAS ESCOLARES DOADAS PELA PREFEITURA VIRA PIADA NA NET"},"content":{"rendered":"<p><a href=\"http:\/\/www.sudoestehoje.com.br\/novoportal\/wp-content\/uploads\/2017\/05\/mochilas-1.jpg\"><img loading=\"lazy\" decoding=\"async\" class=\"aligncenter size-medium wp-image-65237\" src=\"http:\/\/www.sudoestehoje.com.br\/novoportal\/wp-content\/uploads\/2017\/05\/mochilas-1-500x281.jpg\" alt=\"\" width=\"500\" height=\"281\" srcset=\"https:\/\/www.sudoestehoje.com.br\/novoportal\/wp-content\/uploads\/2017\/05\/mochilas-1-500x281.jpg 500w, https:\/\/www.sudoestehoje.com.br\/novoportal\/wp-content\/uploads\/2017\/05\/mochilas-1.jpg 600w\" sizes=\"auto, (max-width: 500px) 100vw, 500px\" \/><\/a><\/p>\n<p>Uma situa\u00e7\u00e3o inusitada ocorreu em Jequi\u00e9 na \u00faltima sexta-feira (5). A prefeitura local entregou kits escolares para alunos da rede p\u00fablica de ensino contendo mochila, estojo, l\u00e1pis, caneta e borracha. At\u00e9 a\u00ed tudo bem. S\u00f3 que quando as crian\u00e7as menores foram experimentar os novos acess\u00f3rios uma fofura aconteceu: Aparentemente, o tamanho \u00fanico do apetrecho n\u00e3o foi pensado para as crian\u00e7as mais novas que literalmente &#8220;cabem&#8221; nas mochilas.<\/p>\n<p>A internet n\u00e3o perdoou e a foto da crian\u00e7a j\u00e1 foi compartilhada em grupos do Facebook. &#8220;Voc\u00eas que n\u00e3o entenderam. Mochila para crian\u00e7as \u00e9 na verdade mochila para GUARDAR crian\u00e7as&#8221;, disse uma internauta. Em outro coment\u00e1rio falaram &#8220;acho que era para botar as crian\u00e7as dentro com a cabecinha para fora e algu\u00e9m levar, porque n\u00e3o \u00e9 poss\u00edvel&#8221;. O secret\u00e1rio de Educa\u00e7\u00e3o de Jequi\u00e9, Roberto Gondim, minimizou o tamanho um tanto quanto desproporcional das mochilas entregues a crian\u00e7as da rede p\u00fablica de ensino municipal.<\/p>\n<p><a href=\"http:\/\/www.sudoestehoje.com.br\/novoportal\/wp-content\/uploads\/2017\/05\/mochilas-2.jpg\"><img loading=\"lazy\" decoding=\"async\" class=\"aligncenter size-medium wp-image-65238\" src=\"http:\/\/www.sudoestehoje.com.br\/novoportal\/wp-content\/uploads\/2017\/05\/mochilas-2-500x538.jpg\" alt=\"\" width=\"500\" height=\"538\" \/><\/a><\/p>\n<p>De acordo com Gondim, a licita\u00e7\u00e3o para compra das mochilas foi fechada antes do t\u00e9rmino das matr\u00edculas e, por isso, o tamanho precisou ser padronizado, o que acabou n\u00e3o contemplando crian\u00e7as menores. \u201cTivemos que fazer a licita\u00e7\u00e3o antes do quantitativo da matr\u00edcula. Mas nenhuma crian\u00e7a de creche vai sozinha para l\u00e1. Os pais sempre levam elas, eles que carregam as mochilas\u201d, afirmou, em entrevista ao Bahia Not\u00edcias.<\/p>\n<p><img decoding=\"async\" src=\"http:\/\/www.sudoestehoje.com.br\/novoportal\/wp-content\/uploads\/2014\/11\/Logomarca-HB-Sementes-500x134.jpg\" alt=\"Resultado de imagem para HB RA\u00c7\u00d5ES ITAPETINGA\" \/><\/p>\n","protected":false},"excerpt":{"rendered":"<p>Uma situa\u00e7\u00e3o inusitada ocorreu em Jequi\u00e9 na \u00faltima sexta-feira (5). A prefeitura local entregou kits escolares para alunos da rede p\u00fablica de ensino contendo mochila, estojo, l\u00e1pis, caneta e borracha. At\u00e9 a\u00ed tudo bem. S\u00f3 que quando as crian\u00e7as menores foram experimentar os novos acess\u00f3rios uma fofura aconteceu: Aparentemente, o tamanho \u00fanico do apetrecho n\u00e3o [&hellip;]<\/p>\n","protected":false},"author":2,"featured_media":65237,"comment_status":"open","ping_status":"open","sticky":false,"template":"","format":"standard","meta":{"footnotes":"","_links_to":"","_links_to_target":""},"categories":[1],"tags":[],"class_list":["post-65236","post","type-post","status-publish","format-standard","has-post-thumbnail","hentry","category-geral"],"views":3718,"_links":{"self":[{"href":"https:\/\/www.sudoestehoje.com.br\/novoportal\/wp-json\/wp\/v2\/posts\/65236","targetHints":{"allow":["GET"]}}],"collection":[{"href":"https:\/\/www.sudoestehoje.com.br\/novoportal\/wp-json\/wp\/v2\/posts"}],"about":[{"href":"https:\/\/www.sudoestehoje.com.br\/novoportal\/wp-json\/wp\/v2\/types\/post"}],"author":[{"embeddable":true,"href":"https:\/\/www.sudoestehoje.com.br\/novoportal\/wp-json\/wp\/v2\/users\/2"}],"replies":[{"embeddable":true,"href":"https:\/\/www.sudoestehoje.com.br\/novoportal\/wp-json\/wp\/v2\/comments?post=65236"}],"version-history":[{"count":5,"href":"https:\/\/www.sudoestehoje.com.br\/novoportal\/wp-json\/wp\/v2\/posts\/65236\/revisions"}],"predecessor-version":[{"id":65266,"href":"https:\/\/www.sudoestehoje.com.br\/novoportal\/wp-json\/wp\/v2\/posts\/65236\/revisions\/65266"}],"wp:featuredmedia":[{"embeddable":true,"href":"https:\/\/www.sudoestehoje.com.br\/novoportal\/wp-json\/wp\/v2\/media\/65237"}],"wp:attachment":[{"href":"https:\/\/www.sudoestehoje.com.br\/novoportal\/wp-json\/wp\/v2\/media?parent=65236"}],"wp:term":[{"taxonomy":"category","embeddable":true,"href":"https:\/\/www.sudoestehoje.com.br\/novoportal\/wp-json\/wp\/v2\/categories?post=65236"},{"taxonomy":"post_tag","embeddable":true,"href":"https:\/\/www.sudoestehoje.com.br\/novoportal\/wp-json\/wp\/v2\/tags?post=65236"}],"curies":[{"name":"wp","href":"https:\/\/api.w.org\/{rel}","templated":true}]}}