
{"id":65219,"date":"2017-05-08T20:03:26","date_gmt":"2017-05-08T23:03:26","guid":{"rendered":"http:\/\/www.sudoestehoje.com.br\/novoportal\/?p=65219"},"modified":"2017-05-08T20:03:26","modified_gmt":"2017-05-08T23:03:26","slug":"itapetinga-moradores-protestam-contra-obra-armengada-de-ze-carlos","status":"publish","type":"post","link":"https:\/\/www.sudoestehoje.com.br\/novoportal\/2017\/05\/08\/itapetinga-moradores-protestam-contra-obra-armengada-de-ze-carlos\/","title":{"rendered":"ITAPETINGA: MORADORES PROTESTAM CONTRA OBRA ARMENGADA DE Z\u00c9 CARLOS"},"content":{"rendered":"<p><a href=\"http:\/\/www.sudoestehoje.com.br\/novoportal\/wp-content\/uploads\/2017\/05\/protesto-na-vila.jpg\"><img loading=\"lazy\" decoding=\"async\" class=\"aligncenter size-medium wp-image-65220\" src=\"http:\/\/www.sudoestehoje.com.br\/novoportal\/wp-content\/uploads\/2017\/05\/protesto-na-vila-500x281.jpg\" alt=\"\" width=\"500\" height=\"281\" srcset=\"https:\/\/www.sudoestehoje.com.br\/novoportal\/wp-content\/uploads\/2017\/05\/protesto-na-vila-500x281.jpg 500w, https:\/\/www.sudoestehoje.com.br\/novoportal\/wp-content\/uploads\/2017\/05\/protesto-na-vila-768x431.jpg 768w, https:\/\/www.sudoestehoje.com.br\/novoportal\/wp-content\/uploads\/2017\/05\/protesto-na-vila-700x393.jpg 700w, https:\/\/www.sudoestehoje.com.br\/novoportal\/wp-content\/uploads\/2017\/05\/protesto-na-vila.jpg 960w\" sizes=\"auto, (max-width: 500px) 100vw, 500px\" \/><\/a><\/p>\n<p>Um protesto de moradores da Vila Isabel e adjac\u00eancias marcou a manh\u00e3 desta segunda-feira, com queima de pneus e peda\u00e7os de madeira, na importante Avenida Julio Jos\u00e9 Rodrigues, que liga a Azaleia \u00e0 Rodovi\u00e1ria.<\/p>\n<p>O protesto dos moradores se refere \u00e0 buraqueira que domina logradouro p\u00fablico, situa\u00e7\u00e3o denunciada ao longo dos 8 anos da gest\u00e3o do ex-prefeito Jos\u00e9 Carlos Moura, autor dessa verdadeira &#8220;obra prima&#8221;, que consumiu cerca de R$ 8 milh\u00f5es de reais e que nunca foi conclu\u00edda.<\/p>\n<p>No projeto original, feito ainda no governo de Michel Hagge, a avenida contava com duas pistas, canteiros centrais largos com pistas de Cooper e ciclovia, ilumina\u00e7\u00e3o atrav\u00e9s de torres no canteiro central, cal\u00e7adas largas dos dois lados e arboriza\u00e7\u00e3o com jardinagem.<\/p>\n<p>Acontece que a maior parte dos recursos enviados pelo Governo Estadual foi desviada para fins &#8216;mais nobres&#8217; e o projeto foi totalmente mutilado, construindo-se apenas as duas pistas com cobertura asf\u00e1ltica prec\u00e1ria, em cima de de uma base de terra solta com &#8216;borrachudos&#8217;, sem a devida compacta\u00e7\u00e3o.<\/p>\n<p>O resultado desse verdadeiro armengue da gest\u00e3o fracassada do ex-prefeito \u00e9 o aparecimento de buracos, mato nos canteiros e todo tipo de problemas, o que j\u00e1 ocorre desde o t\u00e9rmino da avenida. A pista est\u00e1 derretendo e ser\u00e1 necess\u00e1rio um investimento alt\u00edssimo para sua recupera\u00e7\u00e3o.<\/p>\n<p>Mais um &#8216;pepino&#8217; para a atual gest\u00e3o&#8230;<\/p>\n<p><strong><em>Por Davi Ferraz\u00a0<\/em><\/strong><\/p>\n","protected":false},"excerpt":{"rendered":"<p>Um protesto de moradores da Vila Isabel e adjac\u00eancias marcou a manh\u00e3 desta segunda-feira, com queima de pneus e peda\u00e7os de madeira, na importante Avenida Julio Jos\u00e9 Rodrigues, que liga a Azaleia \u00e0 Rodovi\u00e1ria. O protesto dos moradores se refere \u00e0 buraqueira que domina logradouro p\u00fablico, situa\u00e7\u00e3o denunciada ao longo dos 8 anos da gest\u00e3o [&hellip;]<\/p>\n","protected":false},"author":2,"featured_media":65220,"comment_status":"open","ping_status":"open","sticky":false,"template":"","format":"standard","meta":{"footnotes":"","_links_to":"","_links_to_target":""},"categories":[1],"tags":[],"class_list":["post-65219","post","type-post","status-publish","format-standard","has-post-thumbnail","hentry","category-geral"],"views":2337,"_links":{"self":[{"href":"https:\/\/www.sudoestehoje.com.br\/novoportal\/wp-json\/wp\/v2\/posts\/65219","targetHints":{"allow":["GET"]}}],"collection":[{"href":"https:\/\/www.sudoestehoje.com.br\/novoportal\/wp-json\/wp\/v2\/posts"}],"about":[{"href":"https:\/\/www.sudoestehoje.com.br\/novoportal\/wp-json\/wp\/v2\/types\/post"}],"author":[{"embeddable":true,"href":"https:\/\/www.sudoestehoje.com.br\/novoportal\/wp-json\/wp\/v2\/users\/2"}],"replies":[{"embeddable":true,"href":"https:\/\/www.sudoestehoje.com.br\/novoportal\/wp-json\/wp\/v2\/comments?post=65219"}],"version-history":[{"count":3,"href":"https:\/\/www.sudoestehoje.com.br\/novoportal\/wp-json\/wp\/v2\/posts\/65219\/revisions"}],"predecessor-version":[{"id":65223,"href":"https:\/\/www.sudoestehoje.com.br\/novoportal\/wp-json\/wp\/v2\/posts\/65219\/revisions\/65223"}],"wp:featuredmedia":[{"embeddable":true,"href":"https:\/\/www.sudoestehoje.com.br\/novoportal\/wp-json\/wp\/v2\/media\/65220"}],"wp:attachment":[{"href":"https:\/\/www.sudoestehoje.com.br\/novoportal\/wp-json\/wp\/v2\/media?parent=65219"}],"wp:term":[{"taxonomy":"category","embeddable":true,"href":"https:\/\/www.sudoestehoje.com.br\/novoportal\/wp-json\/wp\/v2\/categories?post=65219"},{"taxonomy":"post_tag","embeddable":true,"href":"https:\/\/www.sudoestehoje.com.br\/novoportal\/wp-json\/wp\/v2\/tags?post=65219"}],"curies":[{"name":"wp","href":"https:\/\/api.w.org\/{rel}","templated":true}]}}