
{"id":65204,"date":"2017-05-08T10:04:31","date_gmt":"2017-05-08T13:04:31","guid":{"rendered":"http:\/\/www.sudoestehoje.com.br\/novoportal\/?p=65204"},"modified":"2017-05-08T10:13:46","modified_gmt":"2017-05-08T13:13:46","slug":"ja-solto-ze-dirceu-analisa-que-pt-dificilmente-vencera-as-eleicoes-de-2018","status":"publish","type":"post","link":"https:\/\/www.sudoestehoje.com.br\/novoportal\/2017\/05\/08\/ja-solto-ze-dirceu-analisa-que-pt-dificilmente-vencera-as-eleicoes-de-2018\/","title":{"rendered":"J\u00c1 SOLTO, Z\u00c9 DIRCEU ANALISA QUE PT N\u00c3O VENCER\u00c1 AS ELEI\u00c7\u00d5ES DE 2018"},"content":{"rendered":"<p><a href=\"http:\/\/www.sudoestehoje.com.br\/novoportal\/wp-content\/uploads\/2017\/05\/Z\u00c9-DIRCEU.jpg\"><img loading=\"lazy\" decoding=\"async\" class=\"aligncenter wp-image-65205\" src=\"http:\/\/www.sudoestehoje.com.br\/novoportal\/wp-content\/uploads\/2017\/05\/Z\u00c9-DIRCEU.jpg\" alt=\"\" width=\"501\" height=\"369\" \/><\/a><\/p>\n<p>Jos\u00e9 Dirceu passou um ano e nove meses preso, mas n\u00e3o deixou de analisar o cen\u00e1rio pol\u00edtico do lado de fora. Para o ex-ministro, que deixou a carceragem de Curitiba na \u00faltima semana, o PT dificilmente vencer\u00e1 a elei\u00e7\u00e3o presidencial de 2018 e precisa pensar em outras estrat\u00e9gias de debate pol\u00edtico e eleitoral.<\/p>\n<p>Segundo informa\u00e7\u00f5es da coluna de M\u00f4nica Bergamo, da Folha de S. Paulo, o coment\u00e1rio foi compartilhado pelo ex-ministro com amigos assim que saiu do pres\u00eddio. Nessas conversas, Dirceu tamb\u00e9m admitiu n\u00e3o estar &#8220;entendendo direito&#8221; o plano do ex-ministro da Fazenda Antonio Palocci, que cogita firmar um acordo de dela\u00e7\u00e3o premiada. No entanto, Dirceu ressalta que ele \u00e9 &#8220;h\u00e1bil, paciente e tem estrat\u00e9gia&#8221;.\/\/BN<\/p>\n","protected":false},"excerpt":{"rendered":"<p>Jos\u00e9 Dirceu passou um ano e nove meses preso, mas n\u00e3o deixou de analisar o cen\u00e1rio pol\u00edtico do lado de fora. Para o ex-ministro, que deixou a carceragem de Curitiba na \u00faltima semana, o PT dificilmente vencer\u00e1 a elei\u00e7\u00e3o presidencial de 2018 e precisa pensar em outras estrat\u00e9gias de debate pol\u00edtico e eleitoral. Segundo informa\u00e7\u00f5es [&hellip;]<\/p>\n","protected":false},"author":2,"featured_media":65205,"comment_status":"open","ping_status":"open","sticky":false,"template":"","format":"standard","meta":{"footnotes":"","_links_to":"","_links_to_target":""},"categories":[1],"tags":[],"class_list":["post-65204","post","type-post","status-publish","format-standard","has-post-thumbnail","hentry","category-geral"],"views":1426,"_links":{"self":[{"href":"https:\/\/www.sudoestehoje.com.br\/novoportal\/wp-json\/wp\/v2\/posts\/65204","targetHints":{"allow":["GET"]}}],"collection":[{"href":"https:\/\/www.sudoestehoje.com.br\/novoportal\/wp-json\/wp\/v2\/posts"}],"about":[{"href":"https:\/\/www.sudoestehoje.com.br\/novoportal\/wp-json\/wp\/v2\/types\/post"}],"author":[{"embeddable":true,"href":"https:\/\/www.sudoestehoje.com.br\/novoportal\/wp-json\/wp\/v2\/users\/2"}],"replies":[{"embeddable":true,"href":"https:\/\/www.sudoestehoje.com.br\/novoportal\/wp-json\/wp\/v2\/comments?post=65204"}],"version-history":[{"count":3,"href":"https:\/\/www.sudoestehoje.com.br\/novoportal\/wp-json\/wp\/v2\/posts\/65204\/revisions"}],"predecessor-version":[{"id":65208,"href":"https:\/\/www.sudoestehoje.com.br\/novoportal\/wp-json\/wp\/v2\/posts\/65204\/revisions\/65208"}],"wp:featuredmedia":[{"embeddable":true,"href":"https:\/\/www.sudoestehoje.com.br\/novoportal\/wp-json\/wp\/v2\/media\/65205"}],"wp:attachment":[{"href":"https:\/\/www.sudoestehoje.com.br\/novoportal\/wp-json\/wp\/v2\/media?parent=65204"}],"wp:term":[{"taxonomy":"category","embeddable":true,"href":"https:\/\/www.sudoestehoje.com.br\/novoportal\/wp-json\/wp\/v2\/categories?post=65204"},{"taxonomy":"post_tag","embeddable":true,"href":"https:\/\/www.sudoestehoje.com.br\/novoportal\/wp-json\/wp\/v2\/tags?post=65204"}],"curies":[{"name":"wp","href":"https:\/\/api.w.org\/{rel}","templated":true}]}}