
{"id":65192,"date":"2017-05-07T22:19:11","date_gmt":"2017-05-08T01:19:11","guid":{"rendered":"http:\/\/www.sudoestehoje.com.br\/novoportal\/?p=65192"},"modified":"2017-05-07T23:54:52","modified_gmt":"2017-05-08T02:54:52","slug":"inscricoes-no-enem-comecam-nesta-segunda","status":"publish","type":"post","link":"https:\/\/www.sudoestehoje.com.br\/novoportal\/2017\/05\/07\/inscricoes-no-enem-comecam-nesta-segunda\/","title":{"rendered":"INSCRI\u00c7\u00d5ES NO ENEM COME\u00c7AM NESTA SEGUNDA"},"content":{"rendered":"<p><a href=\"http:\/\/www.sudoestehoje.com.br\/novoportal\/wp-content\/uploads\/2017\/05\/Cronograma-Enem-2017.jpg\"><img loading=\"lazy\" decoding=\"async\" class=\"aligncenter wp-image-65195\" src=\"http:\/\/www.sudoestehoje.com.br\/novoportal\/wp-content\/uploads\/2017\/05\/Cronograma-Enem-2017.jpg\" alt=\"Cronograma-Enem-2017\" width=\"501\" height=\"312\" \/><\/a><\/p>\n<p>Come\u00e7am amanh\u00e3 (8) as inscri\u00e7\u00f5es para o Exame Nacional do Ensino M\u00e9dio (Enem) de 2017. Os candidatos poder\u00e3o acessar o sistema a partir das 10h. O prazo para se inscrever termina \u00e0s 23h59min do dia 19 de maio, pelo <strong><span style=\"color: #0000ff;\"><a style=\"color: #0000ff;\" href=\"http:\/\/enem.inep.gov.br\/participante\" target=\"_blank\" rel=\"noopener noreferrer\"><em>site<\/em><\/a><\/span>\u00a0<\/strong>do Enem. A prova ser\u00e1 realizada em dois domingos consecutivos, nos dias 5 e 12 de novembro.<\/p>\n<p>A taxa de inscri\u00e7\u00e3o para o Enem 2017 \u00e9 R$ 82, que deve ser paga at\u00e9 o dia 24 de maio. Pelas regras do edital, est\u00e3o isentos de pagamento os estudantes de escolas p\u00fablicas que concluir\u00e3o o ensino m\u00e9dio este ano, os participantes de baixa renda que integram o Cadastro \u00danico do Governo Federal (Cad\u00danico) e os que se enquadram na Lei 12.799\/2013 que, entre outros crit\u00e9rios, isenta de pagamento aqueles com renda igual ou inferior a um sal\u00e1rio m\u00ednimo e meio, ou seja, R$ 1.405,50.<\/p>\n<p><img loading=\"lazy\" decoding=\"async\" class=\"\" src=\"https:\/\/lh3.googleusercontent.com\/l0OQxLIeUIo-jh2VEch2Y_umzdV6-72PO7_QrKfc1gpRlP1pkTAOlca0SKiU5OpSjwEK4K-lbW3zo_Ja0bIjmUzWVMikkpvfm8G51FEbry_8cXY5-qfwwd9Rzyi_6_zZoVm9lVJR0Ni_eCYFDddqsVSwy2KxxqlygvTFN_wmUVmJimpyoDLBOwyMQJrxnr4CpNnw0MUeCb8k9YyolUGoatnslXmGR-UMF0ivYyYqVfvQiRRpOuZHbX8c7dp89cwZFwejFk76bi_jV3jd4FLoiGoNLuhRTiuNO-iZIF8s2ONRWN2fhIBFtLRuLUEjTquJ4ble4Hk8B7a65TMG8inZvf2paKvE8TRevdzc_SGwOAOlCVwlg18uYskCNyS4y_fNfTUPzVmnttxmfX_WOXgYHzG-EdJq3sPjPEWXwB9ljw1sqOz3itKfu0AeSpoYXjuGIE65xz9S7ZfOfv4Eu7PReT216uRN3TftktNYTg1I_MNxdFd5SQOKPTVFGf7v2mYpupaiI-GLlMPtXUN9hNarsmWZG7JciLEufd0jViRdtix19ghkQG1yWpyf-2J6qWlmz4v_8O_1p829tkD7saayp2rN4Rh48gsJ=w1280-h428-no\" alt=\"Resultado de imagem para \u00d3TICAS SOL ITAPETINGA\" width=\"500\" height=\"167\" \/><\/p>\n","protected":false},"excerpt":{"rendered":"<p>Come\u00e7am amanh\u00e3 (8) as inscri\u00e7\u00f5es para o Exame Nacional do Ensino M\u00e9dio (Enem) de 2017. Os candidatos poder\u00e3o acessar o sistema a partir das 10h. O prazo para se inscrever termina \u00e0s 23h59min do dia 19 de maio, pelo site\u00a0do Enem. A prova ser\u00e1 realizada em dois domingos consecutivos, nos dias 5 e 12 de [&hellip;]<\/p>\n","protected":false},"author":2,"featured_media":65195,"comment_status":"open","ping_status":"open","sticky":false,"template":"","format":"standard","meta":{"footnotes":"","_links_to":"","_links_to_target":""},"categories":[1],"tags":[],"class_list":["post-65192","post","type-post","status-publish","format-standard","has-post-thumbnail","hentry","category-geral"],"views":1222,"_links":{"self":[{"href":"https:\/\/www.sudoestehoje.com.br\/novoportal\/wp-json\/wp\/v2\/posts\/65192","targetHints":{"allow":["GET"]}}],"collection":[{"href":"https:\/\/www.sudoestehoje.com.br\/novoportal\/wp-json\/wp\/v2\/posts"}],"about":[{"href":"https:\/\/www.sudoestehoje.com.br\/novoportal\/wp-json\/wp\/v2\/types\/post"}],"author":[{"embeddable":true,"href":"https:\/\/www.sudoestehoje.com.br\/novoportal\/wp-json\/wp\/v2\/users\/2"}],"replies":[{"embeddable":true,"href":"https:\/\/www.sudoestehoje.com.br\/novoportal\/wp-json\/wp\/v2\/comments?post=65192"}],"version-history":[{"count":6,"href":"https:\/\/www.sudoestehoje.com.br\/novoportal\/wp-json\/wp\/v2\/posts\/65192\/revisions"}],"predecessor-version":[{"id":65203,"href":"https:\/\/www.sudoestehoje.com.br\/novoportal\/wp-json\/wp\/v2\/posts\/65192\/revisions\/65203"}],"wp:featuredmedia":[{"embeddable":true,"href":"https:\/\/www.sudoestehoje.com.br\/novoportal\/wp-json\/wp\/v2\/media\/65195"}],"wp:attachment":[{"href":"https:\/\/www.sudoestehoje.com.br\/novoportal\/wp-json\/wp\/v2\/media?parent=65192"}],"wp:term":[{"taxonomy":"category","embeddable":true,"href":"https:\/\/www.sudoestehoje.com.br\/novoportal\/wp-json\/wp\/v2\/categories?post=65192"},{"taxonomy":"post_tag","embeddable":true,"href":"https:\/\/www.sudoestehoje.com.br\/novoportal\/wp-json\/wp\/v2\/tags?post=65192"}],"curies":[{"name":"wp","href":"https:\/\/api.w.org\/{rel}","templated":true}]}}