
{"id":65134,"date":"2017-05-04T20:22:43","date_gmt":"2017-05-04T23:22:43","guid":{"rendered":"http:\/\/www.sudoestehoje.com.br\/novoportal\/?p=65134"},"modified":"2017-05-04T20:22:43","modified_gmt":"2017-05-04T23:22:43","slug":"itapetinga-ministerio-da-agricultura-libera-verba-de-r322-mil-para-47a-exposicao","status":"publish","type":"post","link":"https:\/\/www.sudoestehoje.com.br\/novoportal\/2017\/05\/04\/itapetinga-ministerio-da-agricultura-libera-verba-de-r322-mil-para-47a-exposicao\/","title":{"rendered":"ITAPETINGA: MINIST\u00c9RIO DA AGRICULTURA LIBERA VERBA DE R$322 MIL PARA 47\u00aa EXPOSI\u00c7\u00c3O"},"content":{"rendered":"<p><img loading=\"lazy\" decoding=\"async\" class=\"\" src=\"https:\/\/itapetinganews.com\/inicio\/wp-content\/uploads\/2017\/05\/Capa-SRI-2017-750x400.jpg\" width=\"501\" height=\"267\" \/><\/p>\n<p>O Minist\u00e9rio da Agricultura, Pecu\u00e1ria e Abastecimento liberou, atrav\u00e9s do conv\u00eanio n\u00ba 826986, verba no valor de R$ 322 mil reais para a realiza\u00e7\u00e3o da 47\u00aa Exposi\u00e7\u00e3o Agropecu\u00e1ria de Itapetinga.<\/p>\n<p>A capta\u00e7\u00e3o do recurso foi gra\u00e7as ao empenho do Ministro da Secretaria de Governo, Ant\u00f4nio Imbassahy(PSDB), do deputado federal Jos\u00e9 Carlos Aleluia(DEM) e do deputado estadual Paulo C\u00e2mara(PSDB). A verba j\u00e1 foi liberada.<\/p>\n<p>A 47\u00aa Exposi\u00e7\u00e3o Agropecu\u00e1ria de Itapetinga ser\u00e1 realizada entre os dias in\u00edcio no dia 16 e 21 de maio no Parque de Exposi\u00e7\u00f5es Juvino Oliveira.<\/p>\n<p>O sindicato rural de Itapetinga, na pessoa de seu presidente \u00c9der Rezende, emitiu nota de agradecimento ao ministro Imbassahy, ao deputado federal Aleluia e o estadual Paulo C\u00e2mara, pelo empenho, lembrando que sem o conv\u00eanio seria imposs\u00edvel a realiza\u00e7\u00e3o do evento. \/\/Ascom Sindicato Rural<\/p>\n","protected":false},"excerpt":{"rendered":"<p>O Minist\u00e9rio da Agricultura, Pecu\u00e1ria e Abastecimento liberou, atrav\u00e9s do conv\u00eanio n\u00ba 826986, verba no valor de R$ 322 mil reais para a realiza\u00e7\u00e3o da 47\u00aa Exposi\u00e7\u00e3o Agropecu\u00e1ria de Itapetinga. A capta\u00e7\u00e3o do recurso foi gra\u00e7as ao empenho do Ministro da Secretaria de Governo, Ant\u00f4nio Imbassahy(PSDB), do deputado federal Jos\u00e9 Carlos Aleluia(DEM) e do deputado [&hellip;]<\/p>\n","protected":false},"author":2,"featured_media":0,"comment_status":"open","ping_status":"open","sticky":false,"template":"","format":"standard","meta":{"footnotes":"","_links_to":"","_links_to_target":""},"categories":[1],"tags":[],"class_list":["post-65134","post","type-post","status-publish","format-standard","hentry","category-geral"],"views":1167,"_links":{"self":[{"href":"https:\/\/www.sudoestehoje.com.br\/novoportal\/wp-json\/wp\/v2\/posts\/65134","targetHints":{"allow":["GET"]}}],"collection":[{"href":"https:\/\/www.sudoestehoje.com.br\/novoportal\/wp-json\/wp\/v2\/posts"}],"about":[{"href":"https:\/\/www.sudoestehoje.com.br\/novoportal\/wp-json\/wp\/v2\/types\/post"}],"author":[{"embeddable":true,"href":"https:\/\/www.sudoestehoje.com.br\/novoportal\/wp-json\/wp\/v2\/users\/2"}],"replies":[{"embeddable":true,"href":"https:\/\/www.sudoestehoje.com.br\/novoportal\/wp-json\/wp\/v2\/comments?post=65134"}],"version-history":[{"count":2,"href":"https:\/\/www.sudoestehoje.com.br\/novoportal\/wp-json\/wp\/v2\/posts\/65134\/revisions"}],"predecessor-version":[{"id":65136,"href":"https:\/\/www.sudoestehoje.com.br\/novoportal\/wp-json\/wp\/v2\/posts\/65134\/revisions\/65136"}],"wp:attachment":[{"href":"https:\/\/www.sudoestehoje.com.br\/novoportal\/wp-json\/wp\/v2\/media?parent=65134"}],"wp:term":[{"taxonomy":"category","embeddable":true,"href":"https:\/\/www.sudoestehoje.com.br\/novoportal\/wp-json\/wp\/v2\/categories?post=65134"},{"taxonomy":"post_tag","embeddable":true,"href":"https:\/\/www.sudoestehoje.com.br\/novoportal\/wp-json\/wp\/v2\/tags?post=65134"}],"curies":[{"name":"wp","href":"https:\/\/api.w.org\/{rel}","templated":true}]}}