
{"id":65121,"date":"2017-05-03T20:49:34","date_gmt":"2017-05-03T23:49:34","guid":{"rendered":"http:\/\/www.sudoestehoje.com.br\/novoportal\/?p=65121"},"modified":"2017-05-03T20:49:34","modified_gmt":"2017-05-03T23:49:34","slug":"calendario-baiano-pode-ganhar-semana-estadual-de-conscientizacao-do-autismo","status":"publish","type":"post","link":"https:\/\/www.sudoestehoje.com.br\/novoportal\/2017\/05\/03\/calendario-baiano-pode-ganhar-semana-estadual-de-conscientizacao-do-autismo\/","title":{"rendered":"CALEND\u00c1RIO BAIANO PODE GANHAR SEMANA ESTADUAL DE CONSCIENTIZA\u00c7\u00c3O DO AUTISMO"},"content":{"rendered":"<p><img loading=\"lazy\" decoding=\"async\" class=\"\" src=\"http:\/\/www.agravo.blog.br\/wp-content\/uploads\/2016\/12\/PEDROTAVARES_FOTOALBA.jpg\" width=\"501\" height=\"333\" \/><\/p>\n<p>O calend\u00e1rio baiano pode ganhar a Semana Estadual de Conscientiza\u00e7\u00e3o do Autismo. \u00c9 o que prop\u00f5e o Projeto de Lei do deputado estadual Pedro Tavares (PMDB). De acordo com a mat\u00e9ria apresentada na Assembleia Legislativa da Bahia, a campanha deve ocorrer toda primeira semana de abril.<\/p>\n<p>O projeto tem como objetivo promover campanhas publicit\u00e1rias, institucionais, semin\u00e1rios, palestras e cursos sobre a s\u00edndrome do autismo. Visa, ainda, realizar parcerias com entidades sociais envolvidas para disponibilizar cursos e treinamentos para profissionais, orienta\u00e7\u00e3o psicol\u00f3gica para portadores do autismo e familiares, encaminhamento para tratamento m\u00e9dico adequado e implanta\u00e7\u00e3o, atrav\u00e9s de \u00f3rg\u00e3os competentes, de sistema de coleta de dados sobre os portadores das patologias, integrado com hospitais p\u00fablicos, postos de sa\u00fade e entidades privadas de sa\u00fade.<\/p>\n<p>Para o parlamentar, essa \u00e9 uma maneira de disseminar mais informa\u00e7\u00e3o, buscar a identifica\u00e7\u00e3o precoce, o tratamento, os direitos e o est\u00edmulo \u00e0 inclus\u00e3o de pessoas com autismo. \u201cA conscientiza\u00e7\u00e3o da sociedade \u00e9 fundamental para promover a inclus\u00e3o e proporcionar dignidade aos autistas e seus familiares. Essa \u00e9 uma causa que merece a aten\u00e7\u00e3o e uni\u00e3o de todos\u201d, ressaltou o deputado Pedro Tavares.<\/p>\n<p>Em 2008, a Organiza\u00e7\u00e3o das Na\u00e7\u00f5es Unidas (ONU) decretou o dia 2 de abril como o Dia Mundial do Autismo. Em 2010, especialistas afirmaram que a s\u00edndrome atinge mais de 60 milh\u00f5es de pessoas no mundo. No Brasil, o autismo atinge quase 2 milh\u00f5es de brasileiros.<\/p>\n","protected":false},"excerpt":{"rendered":"<p>O calend\u00e1rio baiano pode ganhar a Semana Estadual de Conscientiza\u00e7\u00e3o do Autismo. \u00c9 o que prop\u00f5e o Projeto de Lei do deputado estadual Pedro Tavares (PMDB). De acordo com a mat\u00e9ria apresentada na Assembleia Legislativa da Bahia, a campanha deve ocorrer toda primeira semana de abril. O projeto tem como objetivo promover campanhas publicit\u00e1rias, institucionais, [&hellip;]<\/p>\n","protected":false},"author":2,"featured_media":0,"comment_status":"open","ping_status":"open","sticky":false,"template":"","format":"standard","meta":{"footnotes":"","_links_to":"","_links_to_target":""},"categories":[1],"tags":[],"class_list":["post-65121","post","type-post","status-publish","format-standard","hentry","category-geral"],"views":1228,"_links":{"self":[{"href":"https:\/\/www.sudoestehoje.com.br\/novoportal\/wp-json\/wp\/v2\/posts\/65121","targetHints":{"allow":["GET"]}}],"collection":[{"href":"https:\/\/www.sudoestehoje.com.br\/novoportal\/wp-json\/wp\/v2\/posts"}],"about":[{"href":"https:\/\/www.sudoestehoje.com.br\/novoportal\/wp-json\/wp\/v2\/types\/post"}],"author":[{"embeddable":true,"href":"https:\/\/www.sudoestehoje.com.br\/novoportal\/wp-json\/wp\/v2\/users\/2"}],"replies":[{"embeddable":true,"href":"https:\/\/www.sudoestehoje.com.br\/novoportal\/wp-json\/wp\/v2\/comments?post=65121"}],"version-history":[{"count":1,"href":"https:\/\/www.sudoestehoje.com.br\/novoportal\/wp-json\/wp\/v2\/posts\/65121\/revisions"}],"predecessor-version":[{"id":65122,"href":"https:\/\/www.sudoestehoje.com.br\/novoportal\/wp-json\/wp\/v2\/posts\/65121\/revisions\/65122"}],"wp:attachment":[{"href":"https:\/\/www.sudoestehoje.com.br\/novoportal\/wp-json\/wp\/v2\/media?parent=65121"}],"wp:term":[{"taxonomy":"category","embeddable":true,"href":"https:\/\/www.sudoestehoje.com.br\/novoportal\/wp-json\/wp\/v2\/categories?post=65121"},{"taxonomy":"post_tag","embeddable":true,"href":"https:\/\/www.sudoestehoje.com.br\/novoportal\/wp-json\/wp\/v2\/tags?post=65121"}],"curies":[{"name":"wp","href":"https:\/\/api.w.org\/{rel}","templated":true}]}}