
{"id":65117,"date":"2017-05-03T19:49:40","date_gmt":"2017-05-03T22:49:40","guid":{"rendered":"http:\/\/www.sudoestehoje.com.br\/novoportal\/?p=65117"},"modified":"2017-05-03T19:58:22","modified_gmt":"2017-05-03T22:58:22","slug":"audiencia-publica-sobre-educacao-de-transito-sera-realizada-nesta-quinta","status":"publish","type":"post","link":"https:\/\/www.sudoestehoje.com.br\/novoportal\/2017\/05\/03\/audiencia-publica-sobre-educacao-de-transito-sera-realizada-nesta-quinta\/","title":{"rendered":"AUDI\u00caNCIA P\u00daBLICA SOBRE EDUCA\u00c7\u00c3O DE TR\u00c2NSITO SER\u00c1 REALIZADA NESTA QUINTA"},"content":{"rendered":"<p><img loading=\"lazy\" decoding=\"async\" class=\"\" src=\"https:\/\/scontent-gru2-1.xx.fbcdn.net\/v\/t1.0-9\/18199199_286246235158911_2403263203387149613_n.jpg?oh=abc6f538ff8555625e0cd420a01e3783&amp;oe=597A70F7\" alt=\"Nenhum texto alternativo autom\u00e1tico dispon\u00edvel.\" width=\"500\" height=\"321\" \/><\/p>\n<p class=\"yiv4469506423msonormal\" style=\"margin: 0cm; margin-bottom: .0001pt; text-align: justify; line-height: 18.0pt; background: white;\"><span style=\"font-family: 'Arial','sans-serif'; color: black;\">Acontece, nesta quinta-feira, uma audi\u00eancia p\u00fablica para discutir a Educa\u00e7\u00e3o no Tr\u00e2nsito de Itapetinga, evento realizado pela C\u00e2mara de Vereadores, por iniciativa do mandato de Jair Saloes (PMDB). O evento tem como objetivo conscientizar a popula\u00e7\u00e3o sobre a import\u00e2ncia do respeito \u00e0s leis de tr\u00e2nsito.<\/span><\/p>\n<p class=\"yiv4469506423msonormal\" style=\"margin: 0cm; margin-bottom: .0001pt; text-align: justify; line-height: 18.0pt; background: white;\"><span style=\"font-family: 'Arial','sans-serif'; color: black;\">\u00a0<\/span><\/p>\n<p id=\"yui_3_16_0_ym19_1_1493851894547_4090\" class=\"yiv4469506423msonormal\" style=\"margin: 0cm; margin-bottom: .0001pt; text-align: justify; line-height: 18.0pt; background: white; -webkit-padding-start: 0px; font-variant-ligatures: normal; font-variant-caps: normal; orphans: 2; widows: 2; -webkit-text-stroke-width: 0px; text-decoration-style: initial; text-decoration-color: initial; word-spacing: 0px;\"><span id=\"yui_3_16_0_ym19_1_1493851894547_4111\" style=\"-webkit-padding-start: 0px;\"><span style=\"font-family: 'Arial','sans-serif'; color: black;\">Entre as institui\u00e7\u00f5es convidadas para participar do debate est\u00e3o<span class=\"apple-converted-space\">\u00a0<\/span><\/span><span id=\"yui_3_16_0_ym19_1_1493851894547_4100\" style=\"-webkit-padding-start: 0px;\">a Coordenadoria Municipal de Tr\u00e2nsito (Comutran), as Pol\u00edcias Civil e Militar, a Guarda Municipal e o Conselho Tutelar.<\/span><\/span><\/p>\n<p class=\"yiv4469506423msonormal\" style=\"margin: 0cm; margin-bottom: .0001pt; text-align: justify; line-height: 18.0pt; background: white;\"><span style=\"font-family: 'Arial','sans-serif'; color: black;\">\u00a0<\/span><\/p>\n<p id=\"yui_3_16_0_ym19_1_1493851894547_4102\" class=\"yiv4469506423msonormal\" style=\"margin: 0cm; margin-bottom: .0001pt; text-align: justify; line-height: 18.0pt; background: white; -webkit-padding-start: 0px; font-variant-ligatures: normal; font-variant-caps: normal; orphans: 2; widows: 2; -webkit-text-stroke-width: 0px; text-decoration-style: initial; text-decoration-color: initial; word-spacing: 0px;\"><span id=\"yui_3_16_0_ym19_1_1493851894547_4101\" style=\"-webkit-padding-start: 0px;\"><span style=\"font-family: 'Arial','sans-serif'; color: black;\">A audi\u00eancia acontece em um momento oportuno, j\u00e1 que na pr\u00f3xima sexta-feira (5) \u00e9 comemorado o Dia Mundial do Tr\u00e2nsito e da Cortesia ao Volante. Al\u00e9m disso, \u00e9 realizado neste m\u00eas o<span class=\"apple-converted-space\">\u00a0<\/span><\/span><span id=\"yui_3_16_0_ym19_1_1493851894547_4103\" style=\"-webkit-padding-start: 0px;\">Movimento Maio Amarelo, que nasceu para chamar a aten\u00e7\u00e3o da sociedade para o alto \u00edndice de mortes e feridos no tr\u00e2nsito em todo o mundo.<\/span><\/span><\/p>\n<p class=\"yiv4469506423msonormal\" style=\"margin: 0cm; margin-bottom: .0001pt; text-align: justify; line-height: 18.0pt; background: white;\"><span style=\"font-family: 'Arial','sans-serif'; color: black;\">\u00a0<\/span><\/p>\n<p id=\"yui_3_16_0_ym19_1_1493851894547_4104\" class=\"yiv4469506423msonormal\" style=\"margin: 0cm; margin-bottom: .0001pt; text-align: justify; line-height: 18.0pt; background: white; -webkit-padding-start: 0px; font-variant-ligatures: normal; font-variant-caps: normal; orphans: 2; widows: 2; -webkit-text-stroke-width: 0px; text-decoration-style: initial; text-decoration-color: initial; word-spacing: 0px;\"><span id=\"yui_3_16_0_ym19_1_1493851894547_4105\" style=\"-webkit-padding-start: 0px;\"><span style=\"font-family: 'Arial','sans-serif'; color: black;\">O evento acontece a partir das 8h, no Plen\u00e1rio da C\u00e2mara Municipal de Itapetinga.\u00a0<\/span><\/span><\/p>\n","protected":false},"excerpt":{"rendered":"<p>Acontece, nesta quinta-feira, uma audi\u00eancia p\u00fablica para discutir a Educa\u00e7\u00e3o no Tr\u00e2nsito de Itapetinga, evento realizado pela C\u00e2mara de Vereadores, por iniciativa do mandato de Jair Saloes (PMDB). O evento tem como objetivo conscientizar a popula\u00e7\u00e3o sobre a import\u00e2ncia do respeito \u00e0s leis de tr\u00e2nsito. \u00a0 Entre as institui\u00e7\u00f5es convidadas para participar do debate est\u00e3o\u00a0a [&hellip;]<\/p>\n","protected":false},"author":2,"featured_media":0,"comment_status":"open","ping_status":"open","sticky":false,"template":"","format":"standard","meta":{"footnotes":"","_links_to":"","_links_to_target":""},"categories":[1],"tags":[],"class_list":["post-65117","post","type-post","status-publish","format-standard","hentry","category-geral"],"views":1214,"_links":{"self":[{"href":"https:\/\/www.sudoestehoje.com.br\/novoportal\/wp-json\/wp\/v2\/posts\/65117","targetHints":{"allow":["GET"]}}],"collection":[{"href":"https:\/\/www.sudoestehoje.com.br\/novoportal\/wp-json\/wp\/v2\/posts"}],"about":[{"href":"https:\/\/www.sudoestehoje.com.br\/novoportal\/wp-json\/wp\/v2\/types\/post"}],"author":[{"embeddable":true,"href":"https:\/\/www.sudoestehoje.com.br\/novoportal\/wp-json\/wp\/v2\/users\/2"}],"replies":[{"embeddable":true,"href":"https:\/\/www.sudoestehoje.com.br\/novoportal\/wp-json\/wp\/v2\/comments?post=65117"}],"version-history":[{"count":3,"href":"https:\/\/www.sudoestehoje.com.br\/novoportal\/wp-json\/wp\/v2\/posts\/65117\/revisions"}],"predecessor-version":[{"id":65120,"href":"https:\/\/www.sudoestehoje.com.br\/novoportal\/wp-json\/wp\/v2\/posts\/65117\/revisions\/65120"}],"wp:attachment":[{"href":"https:\/\/www.sudoestehoje.com.br\/novoportal\/wp-json\/wp\/v2\/media?parent=65117"}],"wp:term":[{"taxonomy":"category","embeddable":true,"href":"https:\/\/www.sudoestehoje.com.br\/novoportal\/wp-json\/wp\/v2\/categories?post=65117"},{"taxonomy":"post_tag","embeddable":true,"href":"https:\/\/www.sudoestehoje.com.br\/novoportal\/wp-json\/wp\/v2\/tags?post=65117"}],"curies":[{"name":"wp","href":"https:\/\/api.w.org\/{rel}","templated":true}]}}