
{"id":65112,"date":"2017-05-03T16:22:33","date_gmt":"2017-05-03T19:22:33","guid":{"rendered":"http:\/\/www.sudoestehoje.com.br\/novoportal\/?p=65112"},"modified":"2017-05-03T19:29:28","modified_gmt":"2017-05-03T22:29:28","slug":"sul-da-bahia-prefeito-de-canavieiras-tem-mandato-cassado-pela-justica-eleitoral","status":"publish","type":"post","link":"https:\/\/www.sudoestehoje.com.br\/novoportal\/2017\/05\/03\/sul-da-bahia-prefeito-de-canavieiras-tem-mandato-cassado-pela-justica-eleitoral\/","title":{"rendered":"SUL DA BAHIA: PREFEITO DE CANAVIEIRAS TEM MANDATO CASSADO PELA JUSTI\u00c7A ELEITORAL"},"content":{"rendered":"<p><a href=\"http:\/\/www.sudoestehoje.com.br\/novoportal\/wp-content\/uploads\/2017\/05\/pref-canavieiras.jpg\"><img loading=\"lazy\" decoding=\"async\" class=\"aligncenter  wp-image-65113\" src=\"http:\/\/www.sudoestehoje.com.br\/novoportal\/wp-content\/uploads\/2017\/05\/pref-canavieiras.jpg\" alt=\"pref canavieiras\" width=\"501\" height=\"434\" \/><\/a><\/p>\n<p>O juiz da 116\u00aa Zona Eleitoral, Eduardo Gil Guerreiro, cassou os mandatos do prefeito de Canavieiras, Roberto Almeida (PPS), e do seu vice, Medrado (PROS).<\/p>\n<p>Na a\u00e7\u00e3o, o prefeito \u00e9 acusado de abuso de poder econ\u00f4mico durante a elei\u00e7\u00e3o municipal e \u00e9 solicitada a cassa\u00e7\u00e3o do seu diploma e, tamb\u00e9m, do vice, informa o <em>Pol\u00edticos do Sul da Bahia<\/em>. A a\u00e7\u00e3o contra o prefeito foi movida pelo segundo colocado na disputa, Edmar Luz (PP).<\/p>\n<p>Caso seja mantida a decis\u00e3o de primeira inst\u00e2ncia, Canavieiras dever\u00e1 ter nova elei\u00e7\u00e3o. Almeida deve recorrer da decis\u00e3o. \/\/Pimenta<\/p>\n","protected":false},"excerpt":{"rendered":"<p>O juiz da 116\u00aa Zona Eleitoral, Eduardo Gil Guerreiro, cassou os mandatos do prefeito de Canavieiras, Roberto Almeida (PPS), e do seu vice, Medrado (PROS). Na a\u00e7\u00e3o, o prefeito \u00e9 acusado de abuso de poder econ\u00f4mico durante a elei\u00e7\u00e3o municipal e \u00e9 solicitada a cassa\u00e7\u00e3o do seu diploma e, tamb\u00e9m, do vice, informa o Pol\u00edticos [&hellip;]<\/p>\n","protected":false},"author":2,"featured_media":0,"comment_status":"open","ping_status":"open","sticky":false,"template":"","format":"standard","meta":{"footnotes":"","_links_to":"","_links_to_target":""},"categories":[1],"tags":[],"class_list":["post-65112","post","type-post","status-publish","format-standard","hentry","category-geral"],"views":1098,"_links":{"self":[{"href":"https:\/\/www.sudoestehoje.com.br\/novoportal\/wp-json\/wp\/v2\/posts\/65112","targetHints":{"allow":["GET"]}}],"collection":[{"href":"https:\/\/www.sudoestehoje.com.br\/novoportal\/wp-json\/wp\/v2\/posts"}],"about":[{"href":"https:\/\/www.sudoestehoje.com.br\/novoportal\/wp-json\/wp\/v2\/types\/post"}],"author":[{"embeddable":true,"href":"https:\/\/www.sudoestehoje.com.br\/novoportal\/wp-json\/wp\/v2\/users\/2"}],"replies":[{"embeddable":true,"href":"https:\/\/www.sudoestehoje.com.br\/novoportal\/wp-json\/wp\/v2\/comments?post=65112"}],"version-history":[{"count":1,"href":"https:\/\/www.sudoestehoje.com.br\/novoportal\/wp-json\/wp\/v2\/posts\/65112\/revisions"}],"predecessor-version":[{"id":65114,"href":"https:\/\/www.sudoestehoje.com.br\/novoportal\/wp-json\/wp\/v2\/posts\/65112\/revisions\/65114"}],"wp:attachment":[{"href":"https:\/\/www.sudoestehoje.com.br\/novoportal\/wp-json\/wp\/v2\/media?parent=65112"}],"wp:term":[{"taxonomy":"category","embeddable":true,"href":"https:\/\/www.sudoestehoje.com.br\/novoportal\/wp-json\/wp\/v2\/categories?post=65112"},{"taxonomy":"post_tag","embeddable":true,"href":"https:\/\/www.sudoestehoje.com.br\/novoportal\/wp-json\/wp\/v2\/tags?post=65112"}],"curies":[{"name":"wp","href":"https:\/\/api.w.org\/{rel}","templated":true}]}}