
{"id":65109,"date":"2017-05-03T13:15:46","date_gmt":"2017-05-03T16:15:46","guid":{"rendered":"http:\/\/www.sudoestehoje.com.br\/novoportal\/?p=65109"},"modified":"2017-05-03T19:35:21","modified_gmt":"2017-05-03T22:35:21","slug":"itapetinga-passageiro-de-caminhao-porre-atingido-por-pedra-na-ba-263","status":"publish","type":"post","link":"https:\/\/www.sudoestehoje.com.br\/novoportal\/2017\/05\/03\/itapetinga-passageiro-de-caminhao-porre-atingido-por-pedra-na-ba-263\/","title":{"rendered":"ITAPETINGA: PASSAGEIRO DE CAMINH\u00c3O MORRE ATINGIDO POR PEDRA NA BA-263"},"content":{"rendered":"<p><img loading=\"lazy\" decoding=\"async\" class=\"\" src=\"http:\/\/static.blogdaresenhageral.com.br\/wp-content\/uploads\/2017\/05\/acidente-caminhao-ok.jpg?x43390\" width=\"501\" height=\"314\" \/><\/p>\n<p>Na manh\u00e3 desta quarta (3), um homem de 48 anos, identificado como Aliomar Mendes da Silva, que estava no carona de um caminh\u00e3o, morreu ap\u00f3s ser atingido por uma pedra na BA-263, no per\u00edmetro urbano de Itapetinga.\u00a0De acordo com a Pol\u00edcia Civil, a pedra foi arremessada pelo pneu de outro caminh\u00e3o que estava \u00e0 frente do ve\u00edculo que a v\u00edtima estava.<\/p>\n<p>Ainda segundo pol\u00edcia, os dois ve\u00edculos estavam saindo de Itapetinga no momento do acidente. A v\u00edtima estava do lado do carona e viajava como ajudante do caminhoneiro. Ele morreu na hora, ainda dentro do ve\u00edculo.<\/p>\n<p><img loading=\"lazy\" decoding=\"async\" class=\"\" src=\"http:\/\/i.imgur.com\/onAbrf3.jpg\" width=\"501\" height=\"303\" \/><\/p>\n<p>O motorista que estava ao lado da v\u00edtima foi ouvido e liberado. J\u00e1 o motorista da carreta,\u00a0que teria arremessado a pedra contra o caminh\u00e3o que estava a v\u00edtima, seguiu viagem e n\u00e3o percebeu o ocorrido.<\/p>\n<p>O corpo da v\u00edtima foi levado para o Departamento de Pol\u00edcia T\u00e9cnica da cidade de Itapetinga.<\/p>\n","protected":false},"excerpt":{"rendered":"<p>Na manh\u00e3 desta quarta (3), um homem de 48 anos, identificado como Aliomar Mendes da Silva, que estava no carona de um caminh\u00e3o, morreu ap\u00f3s ser atingido por uma pedra na BA-263, no per\u00edmetro urbano de Itapetinga.\u00a0De acordo com a Pol\u00edcia Civil, a pedra foi arremessada pelo pneu de outro caminh\u00e3o que estava \u00e0 frente [&hellip;]<\/p>\n","protected":false},"author":2,"featured_media":0,"comment_status":"open","ping_status":"open","sticky":false,"template":"","format":"standard","meta":{"footnotes":"","_links_to":"","_links_to_target":""},"categories":[1],"tags":[],"class_list":["post-65109","post","type-post","status-publish","format-standard","hentry","category-geral"],"views":1290,"_links":{"self":[{"href":"https:\/\/www.sudoestehoje.com.br\/novoportal\/wp-json\/wp\/v2\/posts\/65109","targetHints":{"allow":["GET"]}}],"collection":[{"href":"https:\/\/www.sudoestehoje.com.br\/novoportal\/wp-json\/wp\/v2\/posts"}],"about":[{"href":"https:\/\/www.sudoestehoje.com.br\/novoportal\/wp-json\/wp\/v2\/types\/post"}],"author":[{"embeddable":true,"href":"https:\/\/www.sudoestehoje.com.br\/novoportal\/wp-json\/wp\/v2\/users\/2"}],"replies":[{"embeddable":true,"href":"https:\/\/www.sudoestehoje.com.br\/novoportal\/wp-json\/wp\/v2\/comments?post=65109"}],"version-history":[{"count":3,"href":"https:\/\/www.sudoestehoje.com.br\/novoportal\/wp-json\/wp\/v2\/posts\/65109\/revisions"}],"predecessor-version":[{"id":65116,"href":"https:\/\/www.sudoestehoje.com.br\/novoportal\/wp-json\/wp\/v2\/posts\/65109\/revisions\/65116"}],"wp:attachment":[{"href":"https:\/\/www.sudoestehoje.com.br\/novoportal\/wp-json\/wp\/v2\/media?parent=65109"}],"wp:term":[{"taxonomy":"category","embeddable":true,"href":"https:\/\/www.sudoestehoje.com.br\/novoportal\/wp-json\/wp\/v2\/categories?post=65109"},{"taxonomy":"post_tag","embeddable":true,"href":"https:\/\/www.sudoestehoje.com.br\/novoportal\/wp-json\/wp\/v2\/tags?post=65109"}],"curies":[{"name":"wp","href":"https:\/\/api.w.org\/{rel}","templated":true}]}}