
{"id":65101,"date":"2017-05-02T22:34:53","date_gmt":"2017-05-03T01:34:53","guid":{"rendered":"http:\/\/www.sudoestehoje.com.br\/novoportal\/?p=65101"},"modified":"2017-05-02T22:34:53","modified_gmt":"2017-05-03T01:34:53","slug":"supremo-decide-libertar-ex-ministro-jose-dirceu-preso-da-lava-jato","status":"publish","type":"post","link":"https:\/\/www.sudoestehoje.com.br\/novoportal\/2017\/05\/02\/supremo-decide-libertar-ex-ministro-jose-dirceu-preso-da-lava-jato\/","title":{"rendered":"SUPREMO DECIDE LIBERTAR EX-MINISTRO JOS\u00c9 DIRCEU, PRESO DA LAVA JATO"},"content":{"rendered":"<p><img loading=\"lazy\" decoding=\"async\" class=\"\" src=\"https:\/\/s.yimg.com\/lo\/api\/res\/1.2\/mqlUsXqaJg4vc8e.FsgW0w--\/YXBwaWQ9eW15O3c9NjQwO3E9NzU7c209MQ--\/http:\/\/l.yimg.com\/cv\/ae\/default\/170502\/dirceu20141104_0001-850x564.jpeg\" width=\"500\" height=\"331\" \/><\/p>\n<p>O STF (Supremo Tribunal Federal) concedeu nesta ter\u00e7a (2) habeas corpus ao ex-ministro Jos\u00e9 Dirceu, preso pela Lava Jato.\u00a0A decis\u00e3o foi tomada pela Segunda Turma do tribunal, da qual fazem parte Dias Toffoli, Gilmar Mendes, Ricardo Lewandowski, Celso de Mello e Edson Fachin, relator da opera\u00e7\u00e3o no STF.<\/p>\n<p>Toffoli e Lewandowski votaram pela soltura. Fachin e Celso de Mello defenderam a manuten\u00e7\u00e3o da pris\u00e3o. Coube a Gilmar Mendes desempatar, com decis\u00e3o favor\u00e1vel ao petista.\u00a0Dirceu est\u00e1 detido desde 3 de agosto de 2015 em Curitiba. Ele foi condenado duas vezes em a\u00e7\u00f5es da Lava Jato.<\/p>\n<p>Ao pedir habeas corpus, seus advogados alegaram aus\u00eancia de fundamenta\u00e7\u00e3o da pris\u00e3o, mantida, segundo a defesa, &#8220;sob falaciosa argumenta\u00e7\u00e3o&#8221; de que a medida restritiva que Dirceu cumpria (pris\u00e3o domiciliar) n\u00e3o era suficiente para que parasse de cometer crimes.<\/p>\n<p>Os ministros do Supremo decidiram soltar Dirceu poucas horas depois de o Minist\u00e9rio P\u00fablico Federal no Paran\u00e1 apresentar nova den\u00fancia contra o petista.<\/p>\n<p>Em entrevista, o procurador Deltan Dallagnol afirmou que a den\u00fancia j\u00e1 estava sendo &#8220;elaborada e amadurecida&#8221;, mas, em raz\u00e3o da an\u00e1lise do habeas corpus pelo STF, &#8220;houve a precipita\u00e7\u00e3o&#8221; de sua apresenta\u00e7\u00e3o. O objetivo, segundo ele, foi trazer \u00e0 tona novos elementos, &#8220;que podem ser ou n\u00e3o considerados pelo Supremo&#8221; para decidir sobre o pedido de liberdade.<\/p>\n<p>O HC a favor de Dirceu segue tend\u00eancia do Supremo nos \u00faltimos dias de conceder liberdade a pessoas presas sob determinado do juiz Sergio Moro, que conduz a Lava Jato na 1\u00aa inst\u00e2ncia.\u00a0Na semana passada, os ministros acataram recursos do ex-tesoureiro do PP Jo\u00e3o Carlos Genu e do pecuarista Jos\u00e9 Carlos Bumlai.<\/p>\n<div id=\"yui_3_18_0_3_1493774985150_1922\" class=\"remaining-body\n\n                        \"><\/p>\n<p>Eles j\u00e1 foram condenados em primeira inst\u00e2ncia, pelo juiz Sergio Moro, mas as apela\u00e7\u00f5es ainda n\u00e3o foram analisadas pelo TRF-4 (Tribunal Regional Federal da 4a Regi\u00e3o), que julga os recursos das decis\u00f5es.<\/p>\n<p>Os ministros justificaram que os presos tinham direito de recorrer em liberdade, uma vez que n\u00e3o houve condena\u00e7\u00e3o em segundo grau.<\/p>\n<p id=\"yui_3_18_0_3_1493774985150_1921\">Fachin foi voto vencido em todos os casos. Gilmar Mendes j\u00e1 havia dito que o Supremo teria um &#8220;encontro marcado com as alongadas pris\u00f5es de Curitiba&#8221;. Na sexta (28), o ministro tirou o empres\u00e1rio Eike Batista da pris\u00e3o. \/\/Folhapress<\/p>\n<\/div>\n","protected":false},"excerpt":{"rendered":"<p>O STF (Supremo Tribunal Federal) concedeu nesta ter\u00e7a (2) habeas corpus ao ex-ministro Jos\u00e9 Dirceu, preso pela Lava Jato.\u00a0A decis\u00e3o foi tomada pela Segunda Turma do tribunal, da qual fazem parte Dias Toffoli, Gilmar Mendes, Ricardo Lewandowski, Celso de Mello e Edson Fachin, relator da opera\u00e7\u00e3o no STF. Toffoli e Lewandowski votaram pela soltura. Fachin [&hellip;]<\/p>\n","protected":false},"author":2,"featured_media":0,"comment_status":"open","ping_status":"open","sticky":false,"template":"","format":"standard","meta":{"footnotes":"","_links_to":"","_links_to_target":""},"categories":[1],"tags":[],"class_list":["post-65101","post","type-post","status-publish","format-standard","hentry","category-geral"],"views":1371,"_links":{"self":[{"href":"https:\/\/www.sudoestehoje.com.br\/novoportal\/wp-json\/wp\/v2\/posts\/65101","targetHints":{"allow":["GET"]}}],"collection":[{"href":"https:\/\/www.sudoestehoje.com.br\/novoportal\/wp-json\/wp\/v2\/posts"}],"about":[{"href":"https:\/\/www.sudoestehoje.com.br\/novoportal\/wp-json\/wp\/v2\/types\/post"}],"author":[{"embeddable":true,"href":"https:\/\/www.sudoestehoje.com.br\/novoportal\/wp-json\/wp\/v2\/users\/2"}],"replies":[{"embeddable":true,"href":"https:\/\/www.sudoestehoje.com.br\/novoportal\/wp-json\/wp\/v2\/comments?post=65101"}],"version-history":[{"count":2,"href":"https:\/\/www.sudoestehoje.com.br\/novoportal\/wp-json\/wp\/v2\/posts\/65101\/revisions"}],"predecessor-version":[{"id":65103,"href":"https:\/\/www.sudoestehoje.com.br\/novoportal\/wp-json\/wp\/v2\/posts\/65101\/revisions\/65103"}],"wp:attachment":[{"href":"https:\/\/www.sudoestehoje.com.br\/novoportal\/wp-json\/wp\/v2\/media?parent=65101"}],"wp:term":[{"taxonomy":"category","embeddable":true,"href":"https:\/\/www.sudoestehoje.com.br\/novoportal\/wp-json\/wp\/v2\/categories?post=65101"},{"taxonomy":"post_tag","embeddable":true,"href":"https:\/\/www.sudoestehoje.com.br\/novoportal\/wp-json\/wp\/v2\/tags?post=65101"}],"curies":[{"name":"wp","href":"https:\/\/api.w.org\/{rel}","templated":true}]}}