
{"id":6510,"date":"2011-07-08T00:05:05","date_gmt":"2011-07-08T03:05:05","guid":{"rendered":"http:\/\/www.sudoestehoje.com.br\/novoportal\/?p=6510"},"modified":"2011-07-08T00:26:03","modified_gmt":"2011-07-08T03:26:03","slug":"e-os-salarios-da-saude","status":"publish","type":"post","link":"https:\/\/www.sudoestehoje.com.br\/novoportal\/2011\/07\/08\/e-os-salarios-da-saude\/","title":{"rendered":"E OS SAL\u00c1RIOS DA SA\u00daDE\u2026"},"content":{"rendered":"<p style=\"text-align: center;\"><img decoding=\"async\" src=\"http:\/\/colunas.imirante.com\/platb\/files\/250\/2008\/05\/DINHEIRO%20SENTADO%20NELE.jpg\" alt=\"\" \/><\/p>\n<p>\u00a0<\/p>\n<p>ITAPETINGA: Continuam as reclama\u00e7\u00f5es a respeito dos pagamentos dos sal\u00e1rios dos servidores efetivos da Secretaria de Sa\u00fade do Munic\u00edpio. Vejam os coment\u00e1rios:<\/p>\n<p><em>&#8220;Os funcionarios efetivos da secretaria de saude querem saber o por que desde longas datas, \u00e9 sempre a ultima secretaria a receber o pagamento. Mesmo que a prefeitura tenha prazo, Achamos isso uma tremenda desfeita, por que somos iguais e temos os mesmos direitos que os outros. Como sempre a sa\u00fade vai mal n\u00e9 ? <strong>Discrimina\u00e7\u00e3o<\/strong>&#8220;<\/em><\/p>\n<p><em>&#8220;\u00c9 um tremendo desrespeito o que essa Secret\u00e1ria faz, al\u00e9m de ser extremamente estupida e ditadora com os funcion\u00e1rios, ainda segura o dinheiro do servidor , \u00e9 b\u00e1rbaro: todos os funcion\u00e1rios j\u00e1 receberam menos os da sa\u00fade.Sal\u00e1rios em dias \u00e9 uma obriga\u00e7\u00e3o do executivo, e n\u00e3o um favor.Essa semana a secretaria fez reuni\u00e3o na secretaria pois soube que algu\u00e9m estava falando mal dela, pois todo mundo tem que comer calado, sem falar nada.\u00c9 a cara do PT, come do jeito que derem e diga que est\u00e1 tudo bem . <strong>Marcos Prates<\/strong>&#8220;<\/em><\/p>\n<p><em>&#8220;Se est\u00e3o assim com os salarios dos funcionarios da sa\u00fade. Nem vou falar das diarias ent\u00e3o. O problema ainda continua. A falta de pagamento dos restante das diarias que os funcionarios ainda tem pra receber, e que nao s\u00e3o poucas. Essa secretaria de saude gosta mesmo de dinheiro. Segura mesmo o dinheiro de pagar as contas e enrola at\u00e9 onde n\u00e3o pode mais. <strong>Reclama\u00e7\u00e3o<\/strong>&#8220;<\/em><\/p>\n","protected":false},"excerpt":{"rendered":"<p>\u00a0 ITAPETINGA: Continuam as reclama\u00e7\u00f5es a respeito dos pagamentos dos sal\u00e1rios dos servidores efetivos da Secretaria de Sa\u00fade do Munic\u00edpio. Vejam os coment\u00e1rios: &#8220;Os funcionarios efetivos da secretaria de saude querem saber o por que desde longas datas, \u00e9 sempre a ultima secretaria a receber o pagamento. Mesmo que a prefeitura tenha prazo, Achamos isso [&hellip;]<\/p>\n","protected":false},"author":2,"featured_media":0,"comment_status":"open","ping_status":"open","sticky":false,"template":"","format":"standard","meta":{"footnotes":"","_links_to":"","_links_to_target":""},"categories":[1],"tags":[],"class_list":["post-6510","post","type-post","status-publish","format-standard","hentry","category-geral"],"views":1252,"_links":{"self":[{"href":"https:\/\/www.sudoestehoje.com.br\/novoportal\/wp-json\/wp\/v2\/posts\/6510","targetHints":{"allow":["GET"]}}],"collection":[{"href":"https:\/\/www.sudoestehoje.com.br\/novoportal\/wp-json\/wp\/v2\/posts"}],"about":[{"href":"https:\/\/www.sudoestehoje.com.br\/novoportal\/wp-json\/wp\/v2\/types\/post"}],"author":[{"embeddable":true,"href":"https:\/\/www.sudoestehoje.com.br\/novoportal\/wp-json\/wp\/v2\/users\/2"}],"replies":[{"embeddable":true,"href":"https:\/\/www.sudoestehoje.com.br\/novoportal\/wp-json\/wp\/v2\/comments?post=6510"}],"version-history":[{"count":13,"href":"https:\/\/www.sudoestehoje.com.br\/novoportal\/wp-json\/wp\/v2\/posts\/6510\/revisions"}],"predecessor-version":[{"id":6516,"href":"https:\/\/www.sudoestehoje.com.br\/novoportal\/wp-json\/wp\/v2\/posts\/6510\/revisions\/6516"}],"wp:attachment":[{"href":"https:\/\/www.sudoestehoje.com.br\/novoportal\/wp-json\/wp\/v2\/media?parent=6510"}],"wp:term":[{"taxonomy":"category","embeddable":true,"href":"https:\/\/www.sudoestehoje.com.br\/novoportal\/wp-json\/wp\/v2\/categories?post=6510"},{"taxonomy":"post_tag","embeddable":true,"href":"https:\/\/www.sudoestehoje.com.br\/novoportal\/wp-json\/wp\/v2\/tags?post=6510"}],"curies":[{"name":"wp","href":"https:\/\/api.w.org\/{rel}","templated":true}]}}