
{"id":65096,"date":"2017-05-02T20:52:59","date_gmt":"2017-05-02T23:52:59","guid":{"rendered":"http:\/\/www.sudoestehoje.com.br\/novoportal\/?p=65096"},"modified":"2017-05-02T20:52:59","modified_gmt":"2017-05-02T23:52:59","slug":"prefeitura-de-itapetinga-abre-licitacao-para-coleta-de-lixo-e-limpeza-de-vias-publicas","status":"publish","type":"post","link":"https:\/\/www.sudoestehoje.com.br\/novoportal\/2017\/05\/02\/prefeitura-de-itapetinga-abre-licitacao-para-coleta-de-lixo-e-limpeza-de-vias-publicas\/","title":{"rendered":"PREFEITURA DE ITAPETINGA ABRE LICITA\u00c7\u00c3O PARA COLETA DE LIXO E LIMPEZA DE VIAS P\u00daBLICAS"},"content":{"rendered":"<p><a href=\"http:\/\/www.sudoestehoje.com.br\/novoportal\/wp-content\/uploads\/2017\/05\/coleta_lixo1.jpg\"><img loading=\"lazy\" decoding=\"async\" class=\"aligncenter  wp-image-65097\" src=\"http:\/\/www.sudoestehoje.com.br\/novoportal\/wp-content\/uploads\/2017\/05\/coleta_lixo1.jpg\" alt=\"coleta_lixo1\" width=\"500\" height=\"338\" \/><\/a><\/p>\n<p>Atrav\u00e9s de Edital publicado no Di\u00e1rio Oficial do Munic\u00edpio, a prefeitura de Itapetinga abriu, nesta ter\u00e7a-feira (2), processo licitat\u00f3rio para contrata\u00e7\u00e3o de empresa de coleta de res\u00edduos s\u00f3lidos residenciais, comerciais e da \u00e1rea de sa\u00fade, para a sede do munic\u00edpio.<\/p>\n<p>A novidade na licita\u00e7\u00e3o foi a inclus\u00e3o de servi\u00e7os de m\u00e3o-de-obra de limpeza de vias e logradouros p\u00fablicos, o que dever\u00e1 atender \u00e0 enorme demanda existente na cidade, por conta do longo per\u00edodo sem realiza\u00e7\u00e3o desse tipo de servi\u00e7o no munic\u00edpio.<\/p>\n<p>Al\u00e9m da m\u00e3o-de-obra, a nova empresa a ser contratada dever\u00e1 fornecer ve\u00edculos e equipamentos para atender \u00e0s necessidades, obrigando-se, ainda, a dar destina\u00e7\u00e3o adequada aos res\u00edduos provenientes da \u00e1reas de sa\u00fade, na forma estabelecida na legisla\u00e7\u00e3o ambiental. Os res\u00edduos domiciliares e comerciais dever\u00e3o ser depositados no Aterro Sanit\u00e1rio Municipal.<\/p>\n<p>O Edital pode ser solicitado atrav\u00e9s do Email:\u00a0<a href=\"mailto:licitacaoitapetinga2017@gmail.com\">licitacaoitapetinga2017@gmail.com<\/a><\/p>\n<p><strong><em>Por Davi Ferraz<\/em><\/strong><\/p>\n","protected":false},"excerpt":{"rendered":"<p>Atrav\u00e9s de Edital publicado no Di\u00e1rio Oficial do Munic\u00edpio, a prefeitura de Itapetinga abriu, nesta ter\u00e7a-feira (2), processo licitat\u00f3rio para contrata\u00e7\u00e3o de empresa de coleta de res\u00edduos s\u00f3lidos residenciais, comerciais e da \u00e1rea de sa\u00fade, para a sede do munic\u00edpio. A novidade na licita\u00e7\u00e3o foi a inclus\u00e3o de servi\u00e7os de m\u00e3o-de-obra de limpeza de vias [&hellip;]<\/p>\n","protected":false},"author":2,"featured_media":65097,"comment_status":"open","ping_status":"open","sticky":false,"template":"","format":"standard","meta":{"footnotes":"","_links_to":"","_links_to_target":""},"categories":[1],"tags":[],"class_list":["post-65096","post","type-post","status-publish","format-standard","has-post-thumbnail","hentry","category-geral"],"views":3536,"_links":{"self":[{"href":"https:\/\/www.sudoestehoje.com.br\/novoportal\/wp-json\/wp\/v2\/posts\/65096","targetHints":{"allow":["GET"]}}],"collection":[{"href":"https:\/\/www.sudoestehoje.com.br\/novoportal\/wp-json\/wp\/v2\/posts"}],"about":[{"href":"https:\/\/www.sudoestehoje.com.br\/novoportal\/wp-json\/wp\/v2\/types\/post"}],"author":[{"embeddable":true,"href":"https:\/\/www.sudoestehoje.com.br\/novoportal\/wp-json\/wp\/v2\/users\/2"}],"replies":[{"embeddable":true,"href":"https:\/\/www.sudoestehoje.com.br\/novoportal\/wp-json\/wp\/v2\/comments?post=65096"}],"version-history":[{"count":3,"href":"https:\/\/www.sudoestehoje.com.br\/novoportal\/wp-json\/wp\/v2\/posts\/65096\/revisions"}],"predecessor-version":[{"id":65100,"href":"https:\/\/www.sudoestehoje.com.br\/novoportal\/wp-json\/wp\/v2\/posts\/65096\/revisions\/65100"}],"wp:featuredmedia":[{"embeddable":true,"href":"https:\/\/www.sudoestehoje.com.br\/novoportal\/wp-json\/wp\/v2\/media\/65097"}],"wp:attachment":[{"href":"https:\/\/www.sudoestehoje.com.br\/novoportal\/wp-json\/wp\/v2\/media?parent=65096"}],"wp:term":[{"taxonomy":"category","embeddable":true,"href":"https:\/\/www.sudoestehoje.com.br\/novoportal\/wp-json\/wp\/v2\/categories?post=65096"},{"taxonomy":"post_tag","embeddable":true,"href":"https:\/\/www.sudoestehoje.com.br\/novoportal\/wp-json\/wp\/v2\/tags?post=65096"}],"curies":[{"name":"wp","href":"https:\/\/api.w.org\/{rel}","templated":true}]}}