
{"id":65093,"date":"2017-05-02T20:20:24","date_gmt":"2017-05-02T23:20:24","guid":{"rendered":"http:\/\/www.sudoestehoje.com.br\/novoportal\/?p=65093"},"modified":"2017-05-02T20:20:24","modified_gmt":"2017-05-02T23:20:24","slug":"itapetinga-servidores-municipais-sao-convocados-para-recadastramento","status":"publish","type":"post","link":"https:\/\/www.sudoestehoje.com.br\/novoportal\/2017\/05\/02\/itapetinga-servidores-municipais-sao-convocados-para-recadastramento\/","title":{"rendered":"ITAPETINGA: SERVIDORES MUNICIPAIS S\u00c3O CONVOCADOS PARA RECADASTRAMENTO"},"content":{"rendered":"<p><img loading=\"lazy\" decoding=\"async\" class=\"\" src=\"http:\/\/www.sudoestehoje.com.br\/novoportal\/wp-content\/uploads\/2015\/01\/PREFEITURA.jpg\" alt=\"Resultado de imagem para prefeitura itapetinga\" width=\"500\" height=\"300\" \/><\/p>\n<p>Atrav\u00e9s de ato do prefeito Rodrigo Hagge, publicado no Di\u00e1rio Oficial do Munic\u00edpio nesta ter\u00e7a-feira (2), todos os servidores municipais de Itapetinga, titulares de cargos efetivos e lotados nas secretarias de Administra\u00e7\u00e3o e Finan\u00e7as, foram convocados para atualiza\u00e7\u00e3o dos seus dados cadastrais junto ao munic\u00edpio.<\/p>\n<p>O recadastramento, que vai do dia 02 a 10 deste m\u00eas de maio, ser\u00e1 realizado no pr\u00e9dio da FACI, localizado na rua Jos\u00e9 Bonif\u00e1cio, n\u00ba 46, Centro, no hor\u00e1rio das 9h \u00e0s 17h.<\/p>\n<p>No ato do recadastramento, os servidores dever\u00e3o apresentar originais e c\u00f3pias dos seguintes documentos: RG, CPF, comprovante de resid\u00eancia, Certid\u00e3o de Casamento, Certid\u00e3o de Nascimento de filho menores de 14 anos, Decreto de Nomea\u00e7\u00e3o, Termo de Posse e \u00faltimo contra-cheque.<\/p>\n<p>O recadastramento, de acordo com a publica\u00e7\u00e3o, \u00e9 obrigat\u00f3rio para todos os servidores convocados.<\/p>\n<p><strong><em>Por Davi Ferraz\u00a0<\/em><\/strong><\/p>\n","protected":false},"excerpt":{"rendered":"<p>Atrav\u00e9s de ato do prefeito Rodrigo Hagge, publicado no Di\u00e1rio Oficial do Munic\u00edpio nesta ter\u00e7a-feira (2), todos os servidores municipais de Itapetinga, titulares de cargos efetivos e lotados nas secretarias de Administra\u00e7\u00e3o e Finan\u00e7as, foram convocados para atualiza\u00e7\u00e3o dos seus dados cadastrais junto ao munic\u00edpio. O recadastramento, que vai do dia 02 a 10 deste [&hellip;]<\/p>\n","protected":false},"author":2,"featured_media":0,"comment_status":"open","ping_status":"open","sticky":false,"template":"","format":"standard","meta":{"footnotes":"","_links_to":"","_links_to_target":""},"categories":[1],"tags":[],"class_list":["post-65093","post","type-post","status-publish","format-standard","hentry","category-geral"],"views":1490,"_links":{"self":[{"href":"https:\/\/www.sudoestehoje.com.br\/novoportal\/wp-json\/wp\/v2\/posts\/65093","targetHints":{"allow":["GET"]}}],"collection":[{"href":"https:\/\/www.sudoestehoje.com.br\/novoportal\/wp-json\/wp\/v2\/posts"}],"about":[{"href":"https:\/\/www.sudoestehoje.com.br\/novoportal\/wp-json\/wp\/v2\/types\/post"}],"author":[{"embeddable":true,"href":"https:\/\/www.sudoestehoje.com.br\/novoportal\/wp-json\/wp\/v2\/users\/2"}],"replies":[{"embeddable":true,"href":"https:\/\/www.sudoestehoje.com.br\/novoportal\/wp-json\/wp\/v2\/comments?post=65093"}],"version-history":[{"count":2,"href":"https:\/\/www.sudoestehoje.com.br\/novoportal\/wp-json\/wp\/v2\/posts\/65093\/revisions"}],"predecessor-version":[{"id":65095,"href":"https:\/\/www.sudoestehoje.com.br\/novoportal\/wp-json\/wp\/v2\/posts\/65093\/revisions\/65095"}],"wp:attachment":[{"href":"https:\/\/www.sudoestehoje.com.br\/novoportal\/wp-json\/wp\/v2\/media?parent=65093"}],"wp:term":[{"taxonomy":"category","embeddable":true,"href":"https:\/\/www.sudoestehoje.com.br\/novoportal\/wp-json\/wp\/v2\/categories?post=65093"},{"taxonomy":"post_tag","embeddable":true,"href":"https:\/\/www.sudoestehoje.com.br\/novoportal\/wp-json\/wp\/v2\/tags?post=65093"}],"curies":[{"name":"wp","href":"https:\/\/api.w.org\/{rel}","templated":true}]}}