
{"id":65074,"date":"2017-05-01T22:21:08","date_gmt":"2017-05-02T01:21:08","guid":{"rendered":"http:\/\/www.sudoestehoje.com.br\/novoportal\/?p=65074"},"modified":"2017-05-01T22:48:11","modified_gmt":"2017-05-02T01:48:11","slug":"suspeito-de-matar-enfermeira-em-alagoinhas-confessa-autoria-do-crime","status":"publish","type":"post","link":"https:\/\/www.sudoestehoje.com.br\/novoportal\/2017\/05\/01\/suspeito-de-matar-enfermeira-em-alagoinhas-confessa-autoria-do-crime\/","title":{"rendered":"SUSPEITO DE MATAR ENFERMEIRA EM ALAGOINHAS CONFESSA AUTORIA DO CRIME"},"content":{"rendered":"<p class=\"bodytext\"><a href=\"http:\/\/www.sudoestehoje.com.br\/novoportal\/wp-content\/uploads\/2017\/05\/EDVAN.jpg\"><img loading=\"lazy\" decoding=\"async\" class=\"aligncenter size-medium wp-image-65075\" src=\"http:\/\/www.sudoestehoje.com.br\/novoportal\/wp-content\/uploads\/2017\/05\/EDVAN-500x322.jpg\" alt=\"EDVAN\" width=\"500\" height=\"322\" srcset=\"https:\/\/www.sudoestehoje.com.br\/novoportal\/wp-content\/uploads\/2017\/05\/EDVAN-500x322.jpg 500w, https:\/\/www.sudoestehoje.com.br\/novoportal\/wp-content\/uploads\/2017\/05\/EDVAN.jpg 540w\" sizes=\"auto, (max-width: 500px) 100vw, 500px\" \/><\/a><\/p>\n<p class=\"bodytext\">O homem suspeito de matar a enfermeira e professora universit\u00e1ria Ros\u00e2ngela Gomes Costa, 35 anos, dentro de casa, na cidade de Alagoinhas, no Nordeste baiano, confessou o crime. <a class=\"external-link-new-window\" title=\"Opens external link in new window\" href=\"http:\/\/www.correio24horas.com.br\/detalhe\/bahia\/noticia\/suspeito-de-matar-enfermeira-a-facadas-em-alagoinhas-e-preso\/?cHash=bfc680d4adbf43c7a27731e8ade585b3\" target=\"_blank\">Edvan Alves dos Santos, 28, foi preso no \u00faltimo s\u00e1bado (29)<\/a> em um trailer nas margens da BR-110, na altura de Cris\u00f3polis, onde estava escondido.<\/p>\n<p class=\"bodytext\">De acordo com a coordenadora da 2\u00aa Coorpin, L\u00e9lia Raimundi, Edvan disse em depoimento que entrou na casa da professora para roubar. Ainda segundo a delegada, Edvan contou tamb\u00e9m que estava acompanhado por um comparsa, que est\u00e1 foragido, por\u00e9m, ele n\u00e3o soube informar o nome da pessoa.<\/p>\n<p class=\"bodytext\">&#8220;Foi revelado apenas um apelido que n\u00e3o estamos divulgando para n\u00e3o atrapalhar as investiga\u00e7\u00f5es&#8221;, contou L\u00e9lia. A policial informou ainda que foi decretada a pris\u00e3o tempor\u00e1ria de Edvan e ainda esta semana dever\u00e1 ser feito o pedido de pris\u00e3o preventiva do suspeito.<\/p>\n<p class=\"bodytext\">O delegado Cl\u00e9lio Pimenta Bastos Filho, da 1\u00aa Delegacia de Alagoinhas, havia dito ao CORREIO que Edvan conheceu Ros\u00e2ngela h\u00e1 cerca de seis meses. Ele realizou servi\u00e7os de limpeza na casa da enfermeira no final do ano passado e, de l\u00e1 para c\u00e1, segundo a pol\u00edcia, esteve na casa outras duas vezes. Alves tinha conhecimento da rotina da professora, segundo Pimenta, que morava sozinha no bairro do Barreiro, mesmo lugar em que mora o suspeito.<\/p>\n<p class=\"bodytext\">A pol\u00edcia chegou \u00e0 identidade de Edvan ap\u00f3s encontrar, na tarde do dia 22, o aparelho celular que era utilizado pela professora em posse de um homem. Segundo Cl\u00e9lio, o rapaz foi autuado por recepta\u00e7\u00e3o de produto roubado, ouvido e liberado. &#8220;Foi por meio do depoimento dele que chegamos ao poss\u00edvel autor deste crime, que vendeu o aparelho ainda na quinta-feira&#8221;, comentou.<\/p>\n<p class=\"bodytext\"><img decoding=\"async\" src=\"http:\/\/www.sudoestehoje.com.br\/novoportal\/wp-content\/uploads\/2014\/11\/Logomarca-HB-Sementes-500x134.jpg\" alt=\"Resultado de imagem para HB RA\u00c7\u00d5ES ITAPETINGA\" \/><\/p>\n","protected":false},"excerpt":{"rendered":"<p>O homem suspeito de matar a enfermeira e professora universit\u00e1ria Ros\u00e2ngela Gomes Costa, 35 anos, dentro de casa, na cidade de Alagoinhas, no Nordeste baiano, confessou o crime. Edvan Alves dos Santos, 28, foi preso no \u00faltimo s\u00e1bado (29) em um trailer nas margens da BR-110, na altura de Cris\u00f3polis, onde estava escondido. De acordo [&hellip;]<\/p>\n","protected":false},"author":2,"featured_media":65075,"comment_status":"open","ping_status":"open","sticky":false,"template":"","format":"standard","meta":{"footnotes":"","_links_to":"","_links_to_target":""},"categories":[1],"tags":[],"class_list":["post-65074","post","type-post","status-publish","format-standard","has-post-thumbnail","hentry","category-geral"],"views":1852,"_links":{"self":[{"href":"https:\/\/www.sudoestehoje.com.br\/novoportal\/wp-json\/wp\/v2\/posts\/65074","targetHints":{"allow":["GET"]}}],"collection":[{"href":"https:\/\/www.sudoestehoje.com.br\/novoportal\/wp-json\/wp\/v2\/posts"}],"about":[{"href":"https:\/\/www.sudoestehoje.com.br\/novoportal\/wp-json\/wp\/v2\/types\/post"}],"author":[{"embeddable":true,"href":"https:\/\/www.sudoestehoje.com.br\/novoportal\/wp-json\/wp\/v2\/users\/2"}],"replies":[{"embeddable":true,"href":"https:\/\/www.sudoestehoje.com.br\/novoportal\/wp-json\/wp\/v2\/comments?post=65074"}],"version-history":[{"count":3,"href":"https:\/\/www.sudoestehoje.com.br\/novoportal\/wp-json\/wp\/v2\/posts\/65074\/revisions"}],"predecessor-version":[{"id":65078,"href":"https:\/\/www.sudoestehoje.com.br\/novoportal\/wp-json\/wp\/v2\/posts\/65074\/revisions\/65078"}],"wp:featuredmedia":[{"embeddable":true,"href":"https:\/\/www.sudoestehoje.com.br\/novoportal\/wp-json\/wp\/v2\/media\/65075"}],"wp:attachment":[{"href":"https:\/\/www.sudoestehoje.com.br\/novoportal\/wp-json\/wp\/v2\/media?parent=65074"}],"wp:term":[{"taxonomy":"category","embeddable":true,"href":"https:\/\/www.sudoestehoje.com.br\/novoportal\/wp-json\/wp\/v2\/categories?post=65074"},{"taxonomy":"post_tag","embeddable":true,"href":"https:\/\/www.sudoestehoje.com.br\/novoportal\/wp-json\/wp\/v2\/tags?post=65074"}],"curies":[{"name":"wp","href":"https:\/\/api.w.org\/{rel}","templated":true}]}}