
{"id":65058,"date":"2017-04-30T21:13:37","date_gmt":"2017-05-01T00:13:37","guid":{"rendered":"http:\/\/www.sudoestehoje.com.br\/novoportal\/?p=65058"},"modified":"2017-04-30T21:13:37","modified_gmt":"2017-05-01T00:13:37","slug":"extremo-sul-8-jovens-morrem-em-acidente-na-br-101-apos-sairem-de-festa","status":"publish","type":"post","link":"https:\/\/www.sudoestehoje.com.br\/novoportal\/2017\/04\/30\/extremo-sul-8-jovens-morrem-em-acidente-na-br-101-apos-sairem-de-festa\/","title":{"rendered":"EXTREMO SUL: 8 JOVENS MORREM EM ACIDENTE NA BR-101 AP\u00d3S SA\u00cdREM DE FESTA"},"content":{"rendered":"<div class=\"mc-column content-text active-extra-styles active-capital-letter\" data-block-type=\"unstyled\" data-block-weight=\"44\">\n<p class=\"content-text__container theme-color-primary-first-letter\" data-track-category=\"Link no Texto\" data-track-links=\"\"><img loading=\"lazy\" decoding=\"async\" class=\"\" src=\"http:\/\/i.imgur.com\/HuJpuKz.jpg\" width=\"501\" height=\"303\" \/><\/p>\n<p class=\"content-text__container theme-color-primary-first-letter\" data-track-category=\"Link no Texto\" data-track-links=\"\">Oito pessoas morreram e uma ficou ferida em um grave acidente entre um carro e um caminh\u00e3o, na BR-101, no sul da Bahia, na madrugada deste domingo (30). O ve\u00edculo pequeno ficou destru\u00eddo. As informa\u00e7\u00f5es foram passadas ao <strong>G1<\/strong> pela Pol\u00edcia Rodovi\u00e1ria Federal (PRF).<\/p>\n<\/div>\n<div class=\"mc-column content-text active-extra-styles \" data-block-type=\"unstyled\" data-block-weight=\"45\">\n<p class=\"content-text__container \" data-track-category=\"Link no Texto\" data-track-links=\"\">De acordo com a PRF, todas as v\u00edtimas estavam em um ve\u00edculo de passeio P\u00e1lio, que tem lugar para cinco pessoas. A pol\u00edcia informou que os dois ve\u00edculos bateram de frente no trecho do Km 772, altura do munic\u00edpio de Itabela, por volta das 3h.<\/p>\n<p class=\"content-text__container \" data-track-category=\"Link no Texto\" data-track-links=\"\"><img loading=\"lazy\" decoding=\"async\" class=\"\" src=\"http:\/\/i.imgur.com\/zeo8FMj.jpg\" width=\"499\" height=\"302\" \/><\/p>\n<\/div>\n<div class=\"mc-column content-text active-extra-styles \" data-block-type=\"unstyled\" data-block-weight=\"67\">\n<p class=\"content-text__container \" data-track-category=\"Link no Texto\" data-track-links=\"\">Conforme a PRF, o carro pequeno invadiu a contram\u00e3o em uma curva e bateu no caminh\u00e3o. De acordo com a Pol\u00edcia Rodovi\u00e1ria Federal, dos oito mortos, quatro s\u00e3o homens, de 32, 26 e 19 anos, tr\u00eas adolecentes, de 13 e 14 anos, e uma mulher de 21. O ferido \u00e9 um jovem de 19 anos. Ele foi levado em estado grave para o Hospital Regional de Eun\u00e1polis.<\/p>\n<\/div>\n<div class=\"mc-column content-text active-extra-styles \" data-block-type=\"unstyled\" data-block-weight=\"52\">\n<p class=\"content-text__container \" data-track-category=\"Link no Texto\" data-track-links=\"\">Segundo a PRF, o caminh\u00e3o envolvido no acidente \u00e9 dos Correios. O motorista n\u00e3o teve ferimentos. A Pol\u00edcia Civil informou que o condutor do carro pequeno, um jovem de 26 anos, n\u00e3o tinha carteira de habilita\u00e7\u00e3o e j\u00e1 havia sido preso duas vezes, por tr\u00e1fico de drogas e porte ilegal de armas.<\/p>\n<p class=\"content-text__container \" data-track-category=\"Link no Texto\" data-track-links=\"\"><img loading=\"lazy\" decoding=\"async\" class=\"\" src=\"http:\/\/i.imgur.com\/680XGxn.jpg\" width=\"499\" height=\"302\" \/><\/p>\n<\/div>\n<div class=\"mc-column content-text active-extra-styles \" data-block-type=\"unstyled\" data-block-weight=\"23\">\n<p class=\"content-text__container \" data-track-category=\"Link no Texto\" data-track-links=\"\">Os corpos das v\u00edtimas mortas foram levados para o Instituto M\u00e9dico Legal (IML) da cidade de Eun\u00e1polis, que tamb\u00e9m fica na regi\u00e3o sul.<\/p>\n<\/div>\n<div class=\"mc-column content-media content-media--normal content-photo\" data-block-type=\"backstage-photo\"><\/div>\n","protected":false},"excerpt":{"rendered":"<p>Oito pessoas morreram e uma ficou ferida em um grave acidente entre um carro e um caminh\u00e3o, na BR-101, no sul da Bahia, na madrugada deste domingo (30). O ve\u00edculo pequeno ficou destru\u00eddo. As informa\u00e7\u00f5es foram passadas ao G1 pela Pol\u00edcia Rodovi\u00e1ria Federal (PRF). De acordo com a PRF, todas as v\u00edtimas estavam em um [&hellip;]<\/p>\n","protected":false},"author":2,"featured_media":0,"comment_status":"open","ping_status":"open","sticky":false,"template":"","format":"standard","meta":{"footnotes":"","_links_to":"","_links_to_target":""},"categories":[1],"tags":[],"class_list":["post-65058","post","type-post","status-publish","format-standard","hentry","category-geral"],"views":1884,"_links":{"self":[{"href":"https:\/\/www.sudoestehoje.com.br\/novoportal\/wp-json\/wp\/v2\/posts\/65058","targetHints":{"allow":["GET"]}}],"collection":[{"href":"https:\/\/www.sudoestehoje.com.br\/novoportal\/wp-json\/wp\/v2\/posts"}],"about":[{"href":"https:\/\/www.sudoestehoje.com.br\/novoportal\/wp-json\/wp\/v2\/types\/post"}],"author":[{"embeddable":true,"href":"https:\/\/www.sudoestehoje.com.br\/novoportal\/wp-json\/wp\/v2\/users\/2"}],"replies":[{"embeddable":true,"href":"https:\/\/www.sudoestehoje.com.br\/novoportal\/wp-json\/wp\/v2\/comments?post=65058"}],"version-history":[{"count":2,"href":"https:\/\/www.sudoestehoje.com.br\/novoportal\/wp-json\/wp\/v2\/posts\/65058\/revisions"}],"predecessor-version":[{"id":65060,"href":"https:\/\/www.sudoestehoje.com.br\/novoportal\/wp-json\/wp\/v2\/posts\/65058\/revisions\/65060"}],"wp:attachment":[{"href":"https:\/\/www.sudoestehoje.com.br\/novoportal\/wp-json\/wp\/v2\/media?parent=65058"}],"wp:term":[{"taxonomy":"category","embeddable":true,"href":"https:\/\/www.sudoestehoje.com.br\/novoportal\/wp-json\/wp\/v2\/categories?post=65058"},{"taxonomy":"post_tag","embeddable":true,"href":"https:\/\/www.sudoestehoje.com.br\/novoportal\/wp-json\/wp\/v2\/tags?post=65058"}],"curies":[{"name":"wp","href":"https:\/\/api.w.org\/{rel}","templated":true}]}}