
{"id":65047,"date":"2017-04-30T11:58:29","date_gmt":"2017-04-30T14:58:29","guid":{"rendered":"http:\/\/www.sudoestehoje.com.br\/novoportal\/?p=65047"},"modified":"2017-04-30T12:03:18","modified_gmt":"2017-04-30T15:03:18","slug":"morre-aos-70-anos-o-cantor-belchior","status":"publish","type":"post","link":"https:\/\/www.sudoestehoje.com.br\/novoportal\/2017\/04\/30\/morre-aos-70-anos-o-cantor-belchior\/","title":{"rendered":"MORRE AOS 70 ANOS O CANTOR BELCHIOR"},"content":{"rendered":"<p><img loading=\"lazy\" decoding=\"async\" class=\"\" src=\"https:\/\/abrilveja.files.wordpress.com\/2017\/04\/belchior-cantor-e-compositor.jpg?quality=70&amp;strip=info&amp;w=920\" alt=\"O cantor e compositor Belchior, nos anos 80\" width=\"500\" height=\"333\" \/><\/p>\n<p>Morreu na noite deste s\u00e1bado o cantor e compositor <strong>Belchior<\/strong>, aos 70 anos, em Santa Cruz do Rio Grande do Sul. Em nota oficial, o governador cearense Camilo Santana lamentou a not\u00edcia e decretou luto oficial de tr\u00eas dias no Estado natal do m\u00fasico.<\/p>\n<p>\u201cRecebi com profundo pesar a not\u00edcia da morte do cantor e compositor cearense Belchior. Nascido em Sobral, foi um \u00edcone da M\u00fasica Popular Brasileira e um dos primeiros cantores nordestinos de MPB a se destacar no pa\u00eds, com mais de 20 discos gravados. O povo cearense enaltece sua hist\u00f3ria, agradece imensamente por tudo que fez e pelo legado que deixa para a arte do nosso Cear\u00e1 e do Brasil. Que Deus conforte a fam\u00edlia, amigos e f\u00e3s de Belchior. O Governo do Estado decretou luto oficial de tr\u00eas dias\u201d, disse Santana.<\/p>\n<p><iframe loading=\"lazy\" title=\"BELCHIOR - TUDO OUTRA VEZ\" width=\"500\" height=\"375\" src=\"https:\/\/www.youtube.com\/embed\/EmdyZWrdcXs?feature=oembed\" frameborder=\"0\" allow=\"accelerometer; autoplay; clipboard-write; encrypted-media; gyroscope; picture-in-picture; web-share\" referrerpolicy=\"strict-origin-when-cross-origin\" allowfullscreen><\/iframe><\/p>\n<p>Segundo o jornal <em>O Povo<\/em>, o corpo ser\u00e1 levado ao Cear\u00e1 neste domingo. O sepultamento est\u00e1 previsto para ocorrer em Sobral.<\/p>\n","protected":false},"excerpt":{"rendered":"<p>Morreu na noite deste s\u00e1bado o cantor e compositor Belchior, aos 70 anos, em Santa Cruz do Rio Grande do Sul. Em nota oficial, o governador cearense Camilo Santana lamentou a not\u00edcia e decretou luto oficial de tr\u00eas dias no Estado natal do m\u00fasico. \u201cRecebi com profundo pesar a not\u00edcia da morte do cantor e [&hellip;]<\/p>\n","protected":false},"author":2,"featured_media":0,"comment_status":"open","ping_status":"open","sticky":false,"template":"","format":"standard","meta":{"footnotes":"","_links_to":"","_links_to_target":""},"categories":[1],"tags":[],"class_list":["post-65047","post","type-post","status-publish","format-standard","hentry","category-geral"],"views":1818,"_links":{"self":[{"href":"https:\/\/www.sudoestehoje.com.br\/novoportal\/wp-json\/wp\/v2\/posts\/65047","targetHints":{"allow":["GET"]}}],"collection":[{"href":"https:\/\/www.sudoestehoje.com.br\/novoportal\/wp-json\/wp\/v2\/posts"}],"about":[{"href":"https:\/\/www.sudoestehoje.com.br\/novoportal\/wp-json\/wp\/v2\/types\/post"}],"author":[{"embeddable":true,"href":"https:\/\/www.sudoestehoje.com.br\/novoportal\/wp-json\/wp\/v2\/users\/2"}],"replies":[{"embeddable":true,"href":"https:\/\/www.sudoestehoje.com.br\/novoportal\/wp-json\/wp\/v2\/comments?post=65047"}],"version-history":[{"count":4,"href":"https:\/\/www.sudoestehoje.com.br\/novoportal\/wp-json\/wp\/v2\/posts\/65047\/revisions"}],"predecessor-version":[{"id":65051,"href":"https:\/\/www.sudoestehoje.com.br\/novoportal\/wp-json\/wp\/v2\/posts\/65047\/revisions\/65051"}],"wp:attachment":[{"href":"https:\/\/www.sudoestehoje.com.br\/novoportal\/wp-json\/wp\/v2\/media?parent=65047"}],"wp:term":[{"taxonomy":"category","embeddable":true,"href":"https:\/\/www.sudoestehoje.com.br\/novoportal\/wp-json\/wp\/v2\/categories?post=65047"},{"taxonomy":"post_tag","embeddable":true,"href":"https:\/\/www.sudoestehoje.com.br\/novoportal\/wp-json\/wp\/v2\/tags?post=65047"}],"curies":[{"name":"wp","href":"https:\/\/api.w.org\/{rel}","templated":true}]}}