
{"id":65017,"date":"2017-04-29T19:19:50","date_gmt":"2017-04-29T22:19:50","guid":{"rendered":"http:\/\/www.sudoestehoje.com.br\/novoportal\/?p=65017"},"modified":"2017-04-29T19:43:14","modified_gmt":"2017-04-29T22:43:14","slug":"distrito-de-sao-jose-do-colonia-volta-a-pertencer-ao-municipio-de-itambe","status":"publish","type":"post","link":"https:\/\/www.sudoestehoje.com.br\/novoportal\/2017\/04\/29\/distrito-de-sao-jose-do-colonia-volta-a-pertencer-ao-municipio-de-itambe\/","title":{"rendered":"DISTRITO DE S\u00c3O JOS\u00c9 DO COL\u00d4NIA VOLTA A PERTENCER AO MUNIC\u00cdPIO DE ITAMB\u00c9"},"content":{"rendered":"<p class=\"yiv8266053967MsoNormal\"><img loading=\"lazy\" decoding=\"async\" class=\"\" src=\"https:\/\/scontent-gru2-1.xx.fbcdn.net\/v\/t1.0-9\/18198993_1369164623174935_7615807841787355034_n.jpg?oh=767327758b1509b865f235f07ea61d98&amp;oe=59791495\" alt=\"Nenhum texto alternativo autom\u00e1tico dispon\u00edvel.\" width=\"500\" height=\"491\" \/><\/p>\n<p id=\"yui_3_16_0_ym19_1_1493503607038_11130\" class=\"yiv8266053967MsoNormal\"><span id=\"yui_3_16_0_ym19_1_1493503607038_11129\">A<b id=\"yui_3_16_0_ym19_1_1493503607038_11150\"> <\/b><span id=\"yui_3_16_0_ym19_1_1493503607038_11128\">Assembleia Legislativa do Estado da Bahia (Alba) publicou na edi\u00e7\u00e3o do Di\u00e1rio Oficial desta sexta-feira (28), \u00a0a Lei n\u00ba 13.722, de 27 de abril de 2017, que atualiza os limites entre os munic\u00edpios de Itamb\u00e9 e Caatiba. Com a publica\u00e7\u00e3o, o Distrito de S\u00e3o Jos\u00e9 do Col\u00f4nia passa agora a pertencer oficialmente ao territ\u00f3rio de Itamb\u00e9 e, nos pr\u00f3ximos dias, ser\u00e1 dado inicio ao processo de transi\u00e7\u00e3o administrativa.<\/span><\/span><\/p>\n<p id=\"yui_3_16_0_ym19_1_1493503607038_11132\" class=\"yiv8266053967MsoNormal\"><span id=\"yui_3_16_0_ym19_1_1493503607038_11131\">A reitegra\u00e7\u00e3o \u00e9 uma grande conquista para a atual administra\u00e7\u00e3o, uma vez que in\u00fameras tentativas foram realizadas nos anos anteriores, mas nenhuma delas obteve \u00eaxito. Segundo o prefeito, Eduardo Gama, que acompanhou de perto o processo legal para retomada do distrito, desde o inicio de janeiro ele esteve obstinado a essa conquista para os moradores, que contou ainda com o apoio do munic\u00edpio de Caatiba e dos vereadores da base aliada.<\/span><\/p>\n<p id=\"yui_3_16_0_ym19_1_1493503607038_11134\" class=\"yiv8266053967MsoNormal\"><span id=\"yui_3_16_0_ym19_1_1493503607038_11133\">As disputas territoriais pelo distrito de S\u00e3o Jos\u00e9 do Col\u00f4nia envolvendo os munic\u00edpios de Itamb\u00e9 e Caatiba foram iniciadas no ano de 2010. Conforme determina\u00e7\u00e3o da Superintend\u00eancia de Estudos Econ\u00f4micos e Sociais da Bahia (SEI), em 2012 o distrito passou a pertencer a Caatiba, mas agora volta a pertencer a Itamb\u00e9, de forma definitiva.<\/span><\/p>\n<p class=\"yiv8266053967MsoNormal\"><img loading=\"lazy\" decoding=\"async\" class=\"\" src=\"http:\/\/www.sudoestehoje.com.br\/novoportal\/wp-content\/uploads\/2015\/02\/CRISTO-PLANSERV.jpg\" alt=\"Resultado de imagem para hospital cristo redentor itapetinga\" width=\"502\" height=\"167\" \/><\/p>\n","protected":false},"excerpt":{"rendered":"<p>A Assembleia Legislativa do Estado da Bahia (Alba) publicou na edi\u00e7\u00e3o do Di\u00e1rio Oficial desta sexta-feira (28), \u00a0a Lei n\u00ba 13.722, de 27 de abril de 2017, que atualiza os limites entre os munic\u00edpios de Itamb\u00e9 e Caatiba. Com a publica\u00e7\u00e3o, o Distrito de S\u00e3o Jos\u00e9 do Col\u00f4nia passa agora a pertencer oficialmente ao territ\u00f3rio [&hellip;]<\/p>\n","protected":false},"author":2,"featured_media":0,"comment_status":"open","ping_status":"open","sticky":false,"template":"","format":"standard","meta":{"footnotes":"","_links_to":"","_links_to_target":""},"categories":[1],"tags":[],"class_list":["post-65017","post","type-post","status-publish","format-standard","hentry","category-geral"],"views":1123,"_links":{"self":[{"href":"https:\/\/www.sudoestehoje.com.br\/novoportal\/wp-json\/wp\/v2\/posts\/65017","targetHints":{"allow":["GET"]}}],"collection":[{"href":"https:\/\/www.sudoestehoje.com.br\/novoportal\/wp-json\/wp\/v2\/posts"}],"about":[{"href":"https:\/\/www.sudoestehoje.com.br\/novoportal\/wp-json\/wp\/v2\/types\/post"}],"author":[{"embeddable":true,"href":"https:\/\/www.sudoestehoje.com.br\/novoportal\/wp-json\/wp\/v2\/users\/2"}],"replies":[{"embeddable":true,"href":"https:\/\/www.sudoestehoje.com.br\/novoportal\/wp-json\/wp\/v2\/comments?post=65017"}],"version-history":[{"count":4,"href":"https:\/\/www.sudoestehoje.com.br\/novoportal\/wp-json\/wp\/v2\/posts\/65017\/revisions"}],"predecessor-version":[{"id":65028,"href":"https:\/\/www.sudoestehoje.com.br\/novoportal\/wp-json\/wp\/v2\/posts\/65017\/revisions\/65028"}],"wp:attachment":[{"href":"https:\/\/www.sudoestehoje.com.br\/novoportal\/wp-json\/wp\/v2\/media?parent=65017"}],"wp:term":[{"taxonomy":"category","embeddable":true,"href":"https:\/\/www.sudoestehoje.com.br\/novoportal\/wp-json\/wp\/v2\/categories?post=65017"},{"taxonomy":"post_tag","embeddable":true,"href":"https:\/\/www.sudoestehoje.com.br\/novoportal\/wp-json\/wp\/v2\/tags?post=65017"}],"curies":[{"name":"wp","href":"https:\/\/api.w.org\/{rel}","templated":true}]}}