
{"id":65015,"date":"2017-04-29T19:04:00","date_gmt":"2017-04-29T22:04:00","guid":{"rendered":"http:\/\/www.sudoestehoje.com.br\/novoportal\/?p=65015"},"modified":"2017-04-29T22:27:48","modified_gmt":"2017-04-30T01:27:48","slug":"reviravolta-figurinista-su-tonani-teve-um-caso-com-jose-mayer-diz-jornal","status":"publish","type":"post","link":"https:\/\/www.sudoestehoje.com.br\/novoportal\/2017\/04\/29\/reviravolta-figurinista-su-tonani-teve-um-caso-com-jose-mayer-diz-jornal\/","title":{"rendered":"REVIRAVOLTA: FIGURINISTA DA GLOBO TEVE UM CASO COM JOS\u00c9 MAYER, DIZ JORNAL"},"content":{"rendered":"<p><strong>O colunista L\u00e9o Dias divulgou que a funcion\u00e1ria da Tv Globo n\u00e3o quis dar sequ\u00eancia ao processo porque manteve um relacionamento extraconjugal com o artista, que \u00e9 casado<\/strong><\/p>\n<p><img loading=\"lazy\" decoding=\"async\" class=\"\" src=\"http:\/\/cdn3.c24h.cworks.cloud\/uploads\/RTEmagicC_00_figurinista_su_tonani_jose_mayer.jpg.jpg\" width=\"501\" height=\"319\" \/><\/p>\n<p>Uma novidade pode mudar o caso envolvendo o ator Jos\u00e9 Mayer, acusado de ass\u00e9dio sexual pela figurinista Su Tonani. O colunista L\u00e9o Dias, do jornal O Dia, divulgou que a funcion\u00e1ria da Tv Globo n\u00e3o quis dar sequ\u00eancia ao processo justamente porque manteve um relacionamento extraconjugal com o artista, que \u00e9 casado com a produtora Vera Farjado.<\/p>\n<div>\n<p class=\"bodytext\">De acordo com a publica\u00e7\u00e3o, os dois terminaram e Su j\u00e1 estava com outra pessoa quando o ator passou a investir novamente. Alguns funcion\u00e1rios da Tv Globo, por sinal, revelaram ao colunista que os dois chegavam juntos no carro do ator para as grava\u00e7\u00f5es nos est\u00fadios da emissora e ela chegava a ficar com a chave do carro dele. &#8220;A intimidade entre eles sempre foi de conhecimento de todos no antigo Projac. Eram n\u00edtidas as brincadeiras entre ambos&#8221;, diz L\u00e9o.<\/p>\n<\/div>\n<div>Ainda segundo o colunista, Su esteve na Defensoria P\u00fablica do Estado do Rio de Janeiro e fez o pedido de cancelamento da acusa\u00e7\u00e3o criminal, ap\u00f3s acusar publicamente que Jos\u00e9 Mayer colocou a m\u00e3o em sua vagina em fevereiro deste ano, nos bastidores da novela &#8216;A Lei do Amor&#8217;, onde Jos\u00e9 Mayer interpretava o personagem Sebasti\u00e3o Bezerra.<\/div>\n<div><img loading=\"lazy\" decoding=\"async\" class=\"\" src=\"http:\/\/1.bp.blogspot.com\/-4gMAHRphA6k\/UvMG2q4I0VI\/AAAAAAAA5Fs\/XZTqZPydwPc\/s1600\/supermoda2.jpg\" alt=\"Resultado de imagem para supermoda itapetinga\" width=\"502\" height=\"127\" \/><\/div>\n","protected":false},"excerpt":{"rendered":"<p>O colunista L\u00e9o Dias divulgou que a funcion\u00e1ria da Tv Globo n\u00e3o quis dar sequ\u00eancia ao processo porque manteve um relacionamento extraconjugal com o artista, que \u00e9 casado Uma novidade pode mudar o caso envolvendo o ator Jos\u00e9 Mayer, acusado de ass\u00e9dio sexual pela figurinista Su Tonani. O colunista L\u00e9o Dias, do jornal O Dia, [&hellip;]<\/p>\n","protected":false},"author":2,"featured_media":0,"comment_status":"open","ping_status":"open","sticky":false,"template":"","format":"standard","meta":{"footnotes":"","_links_to":"","_links_to_target":""},"categories":[1],"tags":[],"class_list":["post-65015","post","type-post","status-publish","format-standard","hentry","category-geral"],"views":1497,"_links":{"self":[{"href":"https:\/\/www.sudoestehoje.com.br\/novoportal\/wp-json\/wp\/v2\/posts\/65015","targetHints":{"allow":["GET"]}}],"collection":[{"href":"https:\/\/www.sudoestehoje.com.br\/novoportal\/wp-json\/wp\/v2\/posts"}],"about":[{"href":"https:\/\/www.sudoestehoje.com.br\/novoportal\/wp-json\/wp\/v2\/types\/post"}],"author":[{"embeddable":true,"href":"https:\/\/www.sudoestehoje.com.br\/novoportal\/wp-json\/wp\/v2\/users\/2"}],"replies":[{"embeddable":true,"href":"https:\/\/www.sudoestehoje.com.br\/novoportal\/wp-json\/wp\/v2\/comments?post=65015"}],"version-history":[{"count":3,"href":"https:\/\/www.sudoestehoje.com.br\/novoportal\/wp-json\/wp\/v2\/posts\/65015\/revisions"}],"predecessor-version":[{"id":65045,"href":"https:\/\/www.sudoestehoje.com.br\/novoportal\/wp-json\/wp\/v2\/posts\/65015\/revisions\/65045"}],"wp:attachment":[{"href":"https:\/\/www.sudoestehoje.com.br\/novoportal\/wp-json\/wp\/v2\/media?parent=65015"}],"wp:term":[{"taxonomy":"category","embeddable":true,"href":"https:\/\/www.sudoestehoje.com.br\/novoportal\/wp-json\/wp\/v2\/categories?post=65015"},{"taxonomy":"post_tag","embeddable":true,"href":"https:\/\/www.sudoestehoje.com.br\/novoportal\/wp-json\/wp\/v2\/tags?post=65015"}],"curies":[{"name":"wp","href":"https:\/\/api.w.org\/{rel}","templated":true}]}}