
{"id":65013,"date":"2017-04-29T18:58:44","date_gmt":"2017-04-29T21:58:44","guid":{"rendered":"http:\/\/www.sudoestehoje.com.br\/novoportal\/?p=65013"},"modified":"2017-04-29T18:58:44","modified_gmt":"2017-04-29T21:58:44","slug":"essa-greve-foi-criada-apenas-para-ampliar-o-feriadao-dispara-lucio","status":"publish","type":"post","link":"https:\/\/www.sudoestehoje.com.br\/novoportal\/2017\/04\/29\/essa-greve-foi-criada-apenas-para-ampliar-o-feriadao-dispara-lucio\/","title":{"rendered":"&#8220;ESSA GREVE FOI CRIADA APENAS PARA AMPLIAR O FERIAD\u00c3O&#8221;, DISPARA L\u00daCIO"},"content":{"rendered":"<p><img loading=\"lazy\" decoding=\"async\" class=\"\" src=\"http:\/\/varelanoticias.com.br\/wp-content\/uploads\/2016\/02\/DSC_0478.jpg\" width=\"500\" height=\"333\" \/><\/p>\n<p>Atacado por manifestantes em Salvador, durante a Greve Geral desta sexta-feira (28), o deputado L\u00facio Vieira Lima (PMDB) disse que n\u00e3o est\u00e1 nem um pouco preocupado com a situa\u00e7\u00e3o. Ao <strong>Varela Not\u00edcias<\/strong>, ele ironizou o movimento e disse que foi criado para ampliar o feriad\u00e3o, j\u00e1 que a pr\u00f3xima segunda-feira \u00e9 o Dia do Trabalhador.<\/p>\n<p><em>\u201cQuem exerce o cargo p\u00fablico n\u00e3o tem que ficar preocupado com cr\u00edticas de oposi\u00e7\u00e3o. Eu tenho responsabilidade com o pa\u00eds. Se eu me preocupar que est\u00e3o fazendo meu enterro com isopor, eu n\u00e3o voto com o pa\u00eds. Eu tenho responsabilidade, diferente deles. Essas n\u00e3o s\u00e3o manifesta\u00e7\u00f5es populares, tanto que essa greve foi um fiasco nacional. Uma greve que foi feita apenas para ampliar o feriado de alguns dirigentes sindicais eu n\u00e3o posso levar a s\u00e9rio\u201d<\/em>, disse.<\/p>\n<p>L\u00facio ainda afirmou que o movimento n\u00e3o servir\u00e1 para pressionar parlamentares que votar\u00e3o em reformas propostas pelo governo. <em>\u201cS\u00f3 pressionaria se efetivamente o pa\u00eds tivesse parado por iniciativa popular, mas o que eu vi foi totalmente o contr\u00e1rio\u201d<\/em>.<\/p>\n<p><img decoding=\"async\" src=\"http:\/\/www.sudoestehoje.com.br\/novoportal\/wp-content\/uploads\/2014\/11\/Logomarca-HB-Sementes-500x134.jpg\" alt=\"Resultado de imagem para HB RA\u00c7\u00d5ES ITAPETINGA\" \/><\/p>\n","protected":false},"excerpt":{"rendered":"<p>Atacado por manifestantes em Salvador, durante a Greve Geral desta sexta-feira (28), o deputado L\u00facio Vieira Lima (PMDB) disse que n\u00e3o est\u00e1 nem um pouco preocupado com a situa\u00e7\u00e3o. Ao Varela Not\u00edcias, ele ironizou o movimento e disse que foi criado para ampliar o feriad\u00e3o, j\u00e1 que a pr\u00f3xima segunda-feira \u00e9 o Dia do Trabalhador. [&hellip;]<\/p>\n","protected":false},"author":2,"featured_media":0,"comment_status":"open","ping_status":"open","sticky":false,"template":"","format":"standard","meta":{"footnotes":"","_links_to":"","_links_to_target":""},"categories":[1],"tags":[],"class_list":["post-65013","post","type-post","status-publish","format-standard","hentry","category-geral"],"views":1106,"_links":{"self":[{"href":"https:\/\/www.sudoestehoje.com.br\/novoportal\/wp-json\/wp\/v2\/posts\/65013","targetHints":{"allow":["GET"]}}],"collection":[{"href":"https:\/\/www.sudoestehoje.com.br\/novoportal\/wp-json\/wp\/v2\/posts"}],"about":[{"href":"https:\/\/www.sudoestehoje.com.br\/novoportal\/wp-json\/wp\/v2\/types\/post"}],"author":[{"embeddable":true,"href":"https:\/\/www.sudoestehoje.com.br\/novoportal\/wp-json\/wp\/v2\/users\/2"}],"replies":[{"embeddable":true,"href":"https:\/\/www.sudoestehoje.com.br\/novoportal\/wp-json\/wp\/v2\/comments?post=65013"}],"version-history":[{"count":1,"href":"https:\/\/www.sudoestehoje.com.br\/novoportal\/wp-json\/wp\/v2\/posts\/65013\/revisions"}],"predecessor-version":[{"id":65014,"href":"https:\/\/www.sudoestehoje.com.br\/novoportal\/wp-json\/wp\/v2\/posts\/65013\/revisions\/65014"}],"wp:attachment":[{"href":"https:\/\/www.sudoestehoje.com.br\/novoportal\/wp-json\/wp\/v2\/media?parent=65013"}],"wp:term":[{"taxonomy":"category","embeddable":true,"href":"https:\/\/www.sudoestehoje.com.br\/novoportal\/wp-json\/wp\/v2\/categories?post=65013"},{"taxonomy":"post_tag","embeddable":true,"href":"https:\/\/www.sudoestehoje.com.br\/novoportal\/wp-json\/wp\/v2\/tags?post=65013"}],"curies":[{"name":"wp","href":"https:\/\/api.w.org\/{rel}","templated":true}]}}