
{"id":65008,"date":"2017-05-01T20:40:24","date_gmt":"2017-05-01T23:40:24","guid":{"rendered":"http:\/\/www.sudoestehoje.com.br\/novoportal\/?p=65008"},"modified":"2017-05-27T23:23:31","modified_gmt":"2017-05-28T02:23:31","slug":"deputado-pedro-tavares-participa-do-fnde-em-acao-ao-lado-de-rodrigo-hagge","status":"publish","type":"post","link":"https:\/\/www.sudoestehoje.com.br\/novoportal\/2017\/05\/01\/deputado-pedro-tavares-participa-do-fnde-em-acao-ao-lado-de-rodrigo-hagge\/","title":{"rendered":"DEPUTADO PEDRO TAVARES PARTICIPA DO FNDE EM A\u00c7\u00c3O, AO LADO DE RODRIGO HAGGE"},"content":{"rendered":"<p><img loading=\"lazy\" decoding=\"async\" class=\"\" src=\"https:\/\/scontent-gru2-1.xx.fbcdn.net\/v\/t1.0-9\/18157794_1330549053701241_3185223907159667538_n.jpg?oh=327a7641ffdfd19507ba451547be48d6&amp;oe=5982A4FF\" alt=\"A imagem pode conter: 7 pessoas, pessoas sorrindo, pessoas em p\u00e9\" width=\"499\" height=\"452\" \/><\/p>\n<p>Durante o lan\u00e7amento do FNDE em A\u00e7\u00e3o, evento voltado para\u00a0prefeitos e secret\u00e1rios de educa\u00e7\u00e3o de todos os munic\u00edpios da Bahia, em Vit\u00f3ria da Conquista, o deputado estadual Pedro Tavares (PMDB) mostrou mais uma vez o seu interesse nas demandas de Itapetinga, acompanhando o prefeito Rodrigo Hagge e o secret\u00e1rio municipal de Educa\u00e7\u00e3o, Geraldo Trindade.<\/p>\n<p>No evento que contou com a presen\u00e7a do ministro da Educa\u00e7\u00e3o, Mendon\u00e7a Filho, e do prefeito de Salvador ACM Neto, Pedro Tavares encaminhou pleitos do munic\u00edpio de Itapetinga e se comprometeu em acompanhar, passo a passo, a libera\u00e7\u00e3o de recursos federais pera o munic\u00edpio, al\u00e9m das demandas relativas \u00e0 educa\u00e7\u00e3o, infraestrutura e sa\u00fade, dentre outras.<\/p>\n<p>Nos \u00faltimos meses, o jovem deputado peemedebista vem se destacando na defesa dos interesses de Itapetinga, sempre em sintonia com o prefeito Rodrigo Hagge, seu secretariado e toda a base do PMDB na regi\u00e3o.<\/p>\n<p><strong><em>Por Davi Ferraz<\/em><\/strong><\/p>\n","protected":false},"excerpt":{"rendered":"<p>Durante o lan\u00e7amento do FNDE em A\u00e7\u00e3o, evento voltado para\u00a0prefeitos e secret\u00e1rios de educa\u00e7\u00e3o de todos os munic\u00edpios da Bahia, em Vit\u00f3ria da Conquista, o deputado estadual Pedro Tavares (PMDB) mostrou mais uma vez o seu interesse nas demandas de Itapetinga, acompanhando o prefeito Rodrigo Hagge e o secret\u00e1rio municipal de Educa\u00e7\u00e3o, Geraldo Trindade. No [&hellip;]<\/p>\n","protected":false},"author":2,"featured_media":0,"comment_status":"open","ping_status":"open","sticky":false,"template":"","format":"standard","meta":{"footnotes":"","_links_to":"","_links_to_target":""},"categories":[1],"tags":[],"class_list":["post-65008","post","type-post","status-publish","format-standard","hentry","category-geral"],"views":1379,"_links":{"self":[{"href":"https:\/\/www.sudoestehoje.com.br\/novoportal\/wp-json\/wp\/v2\/posts\/65008","targetHints":{"allow":["GET"]}}],"collection":[{"href":"https:\/\/www.sudoestehoje.com.br\/novoportal\/wp-json\/wp\/v2\/posts"}],"about":[{"href":"https:\/\/www.sudoestehoje.com.br\/novoportal\/wp-json\/wp\/v2\/types\/post"}],"author":[{"embeddable":true,"href":"https:\/\/www.sudoestehoje.com.br\/novoportal\/wp-json\/wp\/v2\/users\/2"}],"replies":[{"embeddable":true,"href":"https:\/\/www.sudoestehoje.com.br\/novoportal\/wp-json\/wp\/v2\/comments?post=65008"}],"version-history":[{"count":1,"href":"https:\/\/www.sudoestehoje.com.br\/novoportal\/wp-json\/wp\/v2\/posts\/65008\/revisions"}],"predecessor-version":[{"id":65009,"href":"https:\/\/www.sudoestehoje.com.br\/novoportal\/wp-json\/wp\/v2\/posts\/65008\/revisions\/65009"}],"wp:attachment":[{"href":"https:\/\/www.sudoestehoje.com.br\/novoportal\/wp-json\/wp\/v2\/media?parent=65008"}],"wp:term":[{"taxonomy":"category","embeddable":true,"href":"https:\/\/www.sudoestehoje.com.br\/novoportal\/wp-json\/wp\/v2\/categories?post=65008"},{"taxonomy":"post_tag","embeddable":true,"href":"https:\/\/www.sudoestehoje.com.br\/novoportal\/wp-json\/wp\/v2\/tags?post=65008"}],"curies":[{"name":"wp","href":"https:\/\/api.w.org\/{rel}","templated":true}]}}