
{"id":64981,"date":"2017-04-27T01:51:49","date_gmt":"2017-04-27T04:51:49","guid":{"rendered":"http:\/\/www.sudoestehoje.com.br\/novoportal\/?p=64981"},"modified":"2017-04-27T19:33:09","modified_gmt":"2017-04-27T22:33:09","slug":"joao-de-deus-cala-discurso-de-romildo-relembrando-demissao-de-nivaldo-viana","status":"publish","type":"post","link":"https:\/\/www.sudoestehoje.com.br\/novoportal\/2017\/04\/27\/joao-de-deus-cala-discurso-de-romildo-relembrando-demissao-de-nivaldo-viana\/","title":{"rendered":"JO\u00c3O DE DEUS CALA DISCURSO DA OPOSI\u00c7\u00c3O RELEMBRANDO DEMISS\u00c3O DE NIVALDO VIANA"},"content":{"rendered":"<p><img loading=\"lazy\" decoding=\"async\" class=\"\" src=\"http:\/\/www.cidadeacontece.com.br\/wp-content\/uploads\/2015\/09\/vereadores-elogiam-bibico-jo%C3%A3o-de-Deus.jpg\" alt=\"Resultado de imagem para vereador jo\u00e3o de deus itapetinga\" width=\"500\" height=\"281\" \/><\/p>\n<p>Nas \u00faltimas sess\u00f5es da c\u00e2mara municipal de Itapetinga, os vereadores de oposi\u00e7\u00e3o Valdeir Chagas e Romildo Teixeira v\u00eam repetindo o discurso de que o ex-vereador e locutor Amaral Junior teria sido afastado do programa &#8216;Na Boca do Povo&#8217;, na R\u00e1dio Fascina\u00e7\u00e3o, por &#8220;persegui\u00e7\u00e3o pol\u00edtica&#8221; do prefeito Rodrigo Hagge.<\/p>\n<p>Na sess\u00e3o desta quarta-feira (26), o vereador peemedebista aparteou o &#8216;l\u00edder&#8217; da oposi\u00e7\u00e3o Romildo Teixeira, durante seu discurso na tribuna, indagando se o afastamento do comunicador Nivaldo Viana, do mesmo programa e emissora, em 2014, teria sido persegui\u00e7\u00e3o do ex-prefeito Z\u00e9 Carlos. Romildo engoliu seco e, esperto que \u00e9, desconversou.<\/p>\n<p>Ainda no aparte, Jo\u00e3o de Deus relembrou as circunst\u00e2ncias do lament\u00e1vel epis\u00f3dio que deixou o querido Nivaldo Viana fora do r\u00e1dio por tr\u00eas anos, destacando que a R\u00e1dio Fascina\u00e7\u00e3o \u00e9 uma empresa particular e que aluga os seus hor\u00e1rios a quem pagar melhor.<\/p>\n<p>Pelo visto, o discurso de &#8216;perseguidos&#8221; dos edis de oposi\u00e7\u00e3o n\u00e3o convence ningu\u00e9m, at\u00e9 porque fizeram parte do maior esquema de &#8216;ca\u00e7a \u00e0s bruxas&#8217; durante o fracassado governo de Z\u00e9 Carlos, do qual integravam.<\/p>\n<p>Ser\u00e1 que j\u00e1 esqueceram disso?<\/p>\n<p><strong><em>Por Davi Ferraz<\/em><\/strong><\/p>\n","protected":false},"excerpt":{"rendered":"<p>Nas \u00faltimas sess\u00f5es da c\u00e2mara municipal de Itapetinga, os vereadores de oposi\u00e7\u00e3o Valdeir Chagas e Romildo Teixeira v\u00eam repetindo o discurso de que o ex-vereador e locutor Amaral Junior teria sido afastado do programa &#8216;Na Boca do Povo&#8217;, na R\u00e1dio Fascina\u00e7\u00e3o, por &#8220;persegui\u00e7\u00e3o pol\u00edtica&#8221; do prefeito Rodrigo Hagge. Na sess\u00e3o desta quarta-feira (26), o vereador [&hellip;]<\/p>\n","protected":false},"author":2,"featured_media":0,"comment_status":"open","ping_status":"open","sticky":false,"template":"","format":"standard","meta":{"footnotes":"","_links_to":"","_links_to_target":""},"categories":[1],"tags":[],"class_list":["post-64981","post","type-post","status-publish","format-standard","hentry","category-geral"],"views":1859,"_links":{"self":[{"href":"https:\/\/www.sudoestehoje.com.br\/novoportal\/wp-json\/wp\/v2\/posts\/64981","targetHints":{"allow":["GET"]}}],"collection":[{"href":"https:\/\/www.sudoestehoje.com.br\/novoportal\/wp-json\/wp\/v2\/posts"}],"about":[{"href":"https:\/\/www.sudoestehoje.com.br\/novoportal\/wp-json\/wp\/v2\/types\/post"}],"author":[{"embeddable":true,"href":"https:\/\/www.sudoestehoje.com.br\/novoportal\/wp-json\/wp\/v2\/users\/2"}],"replies":[{"embeddable":true,"href":"https:\/\/www.sudoestehoje.com.br\/novoportal\/wp-json\/wp\/v2\/comments?post=64981"}],"version-history":[{"count":8,"href":"https:\/\/www.sudoestehoje.com.br\/novoportal\/wp-json\/wp\/v2\/posts\/64981\/revisions"}],"predecessor-version":[{"id":65002,"href":"https:\/\/www.sudoestehoje.com.br\/novoportal\/wp-json\/wp\/v2\/posts\/64981\/revisions\/65002"}],"wp:attachment":[{"href":"https:\/\/www.sudoestehoje.com.br\/novoportal\/wp-json\/wp\/v2\/media?parent=64981"}],"wp:term":[{"taxonomy":"category","embeddable":true,"href":"https:\/\/www.sudoestehoje.com.br\/novoportal\/wp-json\/wp\/v2\/categories?post=64981"},{"taxonomy":"post_tag","embeddable":true,"href":"https:\/\/www.sudoestehoje.com.br\/novoportal\/wp-json\/wp\/v2\/tags?post=64981"}],"curies":[{"name":"wp","href":"https:\/\/api.w.org\/{rel}","templated":true}]}}