
{"id":64979,"date":"2017-04-27T01:12:12","date_gmt":"2017-04-27T04:12:12","guid":{"rendered":"http:\/\/www.sudoestehoje.com.br\/novoportal\/?p=64979"},"modified":"2017-04-27T01:12:12","modified_gmt":"2017-04-27T04:12:12","slug":"brasil-funcionarios-dos-correios-entram-em-greve-por-tempo-indeterminado","status":"publish","type":"post","link":"https:\/\/www.sudoestehoje.com.br\/novoportal\/2017\/04\/27\/brasil-funcionarios-dos-correios-entram-em-greve-por-tempo-indeterminado\/","title":{"rendered":"BRASIL: FUNCION\u00c1RIOS DOS CORREIOS ENTRAM EM GREVE POR TEMPO INDETERMINADO"},"content":{"rendered":"<div>\n<p class=\"bodytext\"><img loading=\"lazy\" decoding=\"async\" class=\"\" src=\"http:\/\/cdn3.c24h.cworks.cloud\/uploads\/RTEmagicC_745d54e0e6.jpg.jpg\" width=\"501\" height=\"381\" \/><\/p>\n<p class=\"bodytext\">Os trabalhadores dos Correios entrar\u00e3o em greve por tempo indeterminado hoje (26) a partir das 22h. As amea\u00e7as de privatiza\u00e7\u00e3o e demiss\u00f5es, o fechamento de ag\u00eancias e o &#8220;desmonte fiscal&#8221; da empresa, com diminui\u00e7\u00e3o do lucro devido a repasses ao governo e patroc\u00ednios, s\u00e3o os principais motivos para a mobiliza\u00e7\u00e3o, segundo a Federa\u00e7\u00e3o Nacional dos Trabalhadores em Empresas de Correios e Tel\u00e9grafos e Similares (Fentect).<\/p>\n<\/div>\n<div>\n<p class=\"bodytext\">A estatal teve preju\u00edzos de R$ 2,1 bilh\u00f5es em 2015 e R$ 2 bilh\u00f5es no ano passado. Em dezembro do ano passado, foi anunciado um plano de demiss\u00e3o volunt\u00e1ria e o fechamento de ag\u00eancias para reduzir os gastos.<\/p>\n<div>\n<p class=\"bodytext\">\u201cO que tem acontecido \u00e9 um plano de desmonte pr\u00f3prio da empresa, atacando a pr\u00f3pria qualidade e universaliza\u00e7\u00e3o do servi\u00e7o. Faz parte de um projeto privado com interesse de entrar no mercado\u201d, disse a secret\u00e1ria de Imprensa da Fentect, Suzy Cristiny.<\/p>\n<\/div>\n<div>\n<p class=\"bodytext\">Segundo a entidade, a &#8220;privatiza\u00e7\u00e3o&#8221; coloca em risco o direito da popula\u00e7\u00e3o aos servi\u00e7os dos Correios, j\u00e1 que a empresa tem fechado ag\u00eancias em cidades menos lucrativas. \u201cMais de 200 ag\u00eancias est\u00e3o sendo fechadas por todo o Brasil. Com isso, muitos moradores do interior e das periferias v\u00e3o ficar sem o atendimento banc\u00e1rio e postal dos Correios do Brasil\u201d, informou a federa\u00e7\u00e3o.<\/p>\n<\/div>\n<div>\n<p class=\"bodytext\">O ministro da Ci\u00eancia, Tecnologia, Inova\u00e7\u00f5es e Comunica\u00e7\u00f5es, Gilberto Kassab, tem dito que \u00e9 contra privatizar os os Correios, mas que a empresa ter\u00e1 que fazer \u201ccortes radicais\u201d de gastos para evitar a privatiza\u00e7\u00e3o, j\u00e1 que o governo n\u00e3o socorrer\u00e1 a empresa financeiramente.<\/p>\n<\/div>\n<\/div>\n","protected":false},"excerpt":{"rendered":"<p>Os trabalhadores dos Correios entrar\u00e3o em greve por tempo indeterminado hoje (26) a partir das 22h. As amea\u00e7as de privatiza\u00e7\u00e3o e demiss\u00f5es, o fechamento de ag\u00eancias e o &#8220;desmonte fiscal&#8221; da empresa, com diminui\u00e7\u00e3o do lucro devido a repasses ao governo e patroc\u00ednios, s\u00e3o os principais motivos para a mobiliza\u00e7\u00e3o, segundo a Federa\u00e7\u00e3o Nacional dos [&hellip;]<\/p>\n","protected":false},"author":2,"featured_media":0,"comment_status":"open","ping_status":"open","sticky":false,"template":"","format":"standard","meta":{"footnotes":"","_links_to":"","_links_to_target":""},"categories":[1],"tags":[],"class_list":["post-64979","post","type-post","status-publish","format-standard","hentry","category-geral"],"views":1101,"_links":{"self":[{"href":"https:\/\/www.sudoestehoje.com.br\/novoportal\/wp-json\/wp\/v2\/posts\/64979","targetHints":{"allow":["GET"]}}],"collection":[{"href":"https:\/\/www.sudoestehoje.com.br\/novoportal\/wp-json\/wp\/v2\/posts"}],"about":[{"href":"https:\/\/www.sudoestehoje.com.br\/novoportal\/wp-json\/wp\/v2\/types\/post"}],"author":[{"embeddable":true,"href":"https:\/\/www.sudoestehoje.com.br\/novoportal\/wp-json\/wp\/v2\/users\/2"}],"replies":[{"embeddable":true,"href":"https:\/\/www.sudoestehoje.com.br\/novoportal\/wp-json\/wp\/v2\/comments?post=64979"}],"version-history":[{"count":1,"href":"https:\/\/www.sudoestehoje.com.br\/novoportal\/wp-json\/wp\/v2\/posts\/64979\/revisions"}],"predecessor-version":[{"id":64980,"href":"https:\/\/www.sudoestehoje.com.br\/novoportal\/wp-json\/wp\/v2\/posts\/64979\/revisions\/64980"}],"wp:attachment":[{"href":"https:\/\/www.sudoestehoje.com.br\/novoportal\/wp-json\/wp\/v2\/media?parent=64979"}],"wp:term":[{"taxonomy":"category","embeddable":true,"href":"https:\/\/www.sudoestehoje.com.br\/novoportal\/wp-json\/wp\/v2\/categories?post=64979"},{"taxonomy":"post_tag","embeddable":true,"href":"https:\/\/www.sudoestehoje.com.br\/novoportal\/wp-json\/wp\/v2\/tags?post=64979"}],"curies":[{"name":"wp","href":"https:\/\/api.w.org\/{rel}","templated":true}]}}