
{"id":64962,"date":"2017-04-26T12:31:31","date_gmt":"2017-04-26T15:31:31","guid":{"rendered":"http:\/\/www.sudoestehoje.com.br\/novoportal\/?p=64962"},"modified":"2017-04-26T16:55:17","modified_gmt":"2017-04-26T19:55:17","slug":"itapetinga-renan-pereira-pode-disputar-eleicao-para-deputado-estadual-em-2018","status":"publish","type":"post","link":"https:\/\/www.sudoestehoje.com.br\/novoportal\/2017\/04\/26\/itapetinga-renan-pereira-pode-disputar-eleicao-para-deputado-estadual-em-2018\/","title":{"rendered":"ITAPETINGA: RENAN PEREIRA QUER DISPUTAR ELEI\u00c7\u00c3O PARA DEPUTADO ESTADUAL EM 2018"},"content":{"rendered":"<p><a href=\"http:\/\/www.sudoestehoje.com.br\/novoportal\/wp-content\/uploads\/2017\/04\/Renan-Pereira.jpg\"><img loading=\"lazy\" decoding=\"async\" class=\"aligncenter size-medium wp-image-64965\" src=\"http:\/\/www.sudoestehoje.com.br\/novoportal\/wp-content\/uploads\/2017\/04\/Renan-Pereira-500x294.jpg\" alt=\"Renan-Pereira\" width=\"500\" height=\"294\" srcset=\"https:\/\/www.sudoestehoje.com.br\/novoportal\/wp-content\/uploads\/2017\/04\/Renan-Pereira-500x294.jpg 500w, https:\/\/www.sudoestehoje.com.br\/novoportal\/wp-content\/uploads\/2017\/04\/Renan-Pereira.jpg 640w\" sizes=\"auto, (max-width: 500px) 100vw, 500px\" \/><\/a><\/p>\n<p>De acordo com informa\u00e7\u00f5es que correm nos meios pol\u00edticos em Itapetinga, o nome do vice-prefeito Renan Pereira vem sendo cogitado para disputar uma vaga na Assembl\u00e9ia Legislativa, em 2018, pelo Democratas.<\/p>\n<p>Segundo a sua assessoria, Renan j\u00e1 vem sendo sondado h\u00e1 algum tempo pelo Diret\u00f3rio Estadual do DEM, mas ainda n\u00e3o h\u00e1, por parte dele, nenhuma defini\u00e7\u00e3o, apesar do desejo do vice prefeito em galgar posi\u00e7\u00f5es mais importantes no cen\u00e1rio pol\u00edtico local e regional.<\/p>\n<p>Uma das possibilidades \u00e9 a forma\u00e7\u00e3o de uma dobradinha entre Renan Pereira e o ex-governador Paulo Souto, que dever\u00e1 disputar uma vaga para a C\u00e2mara Federal, com amplo apoio em todo o Estado e principalmente na regi\u00e3o de Itapetinga, onde goza de enorme prest\u00edgio.<\/p>\n<p>Apesar da uni\u00e3o entre o DEM e PMDB, realizada nas \u00faltimas elei\u00e7\u00f5es, os dois partidos tendem a trilhar caminhos pr\u00f3prios nas elei\u00e7\u00f5es para deputado Federal e Estadual, mantendo a uni\u00e3o nas elei\u00e7\u00f5es para governador e sanado, dividindo o mesmo palanque em Itapetinga e regi\u00e3o.<\/p>\n<p>A linha de corte para se eleger para deputado pelo DEM gira em torno dos <strong>45 mil votos<\/strong>, segundo progn\u00f3sticos dos especialistas.<\/p>\n<p><strong><em>Por Davi Ferraz<\/em><\/strong><\/p>\n","protected":false},"excerpt":{"rendered":"<p>De acordo com informa\u00e7\u00f5es que correm nos meios pol\u00edticos em Itapetinga, o nome do vice-prefeito Renan Pereira vem sendo cogitado para disputar uma vaga na Assembl\u00e9ia Legislativa, em 2018, pelo Democratas. Segundo a sua assessoria, Renan j\u00e1 vem sendo sondado h\u00e1 algum tempo pelo Diret\u00f3rio Estadual do DEM, mas ainda n\u00e3o h\u00e1, por parte dele, [&hellip;]<\/p>\n","protected":false},"author":2,"featured_media":64965,"comment_status":"open","ping_status":"open","sticky":false,"template":"","format":"standard","meta":{"footnotes":"","_links_to":"","_links_to_target":""},"categories":[1],"tags":[],"class_list":["post-64962","post","type-post","status-publish","format-standard","has-post-thumbnail","hentry","category-geral"],"views":1648,"_links":{"self":[{"href":"https:\/\/www.sudoestehoje.com.br\/novoportal\/wp-json\/wp\/v2\/posts\/64962","targetHints":{"allow":["GET"]}}],"collection":[{"href":"https:\/\/www.sudoestehoje.com.br\/novoportal\/wp-json\/wp\/v2\/posts"}],"about":[{"href":"https:\/\/www.sudoestehoje.com.br\/novoportal\/wp-json\/wp\/v2\/types\/post"}],"author":[{"embeddable":true,"href":"https:\/\/www.sudoestehoje.com.br\/novoportal\/wp-json\/wp\/v2\/users\/2"}],"replies":[{"embeddable":true,"href":"https:\/\/www.sudoestehoje.com.br\/novoportal\/wp-json\/wp\/v2\/comments?post=64962"}],"version-history":[{"count":5,"href":"https:\/\/www.sudoestehoje.com.br\/novoportal\/wp-json\/wp\/v2\/posts\/64962\/revisions"}],"predecessor-version":[{"id":64968,"href":"https:\/\/www.sudoestehoje.com.br\/novoportal\/wp-json\/wp\/v2\/posts\/64962\/revisions\/64968"}],"wp:featuredmedia":[{"embeddable":true,"href":"https:\/\/www.sudoestehoje.com.br\/novoportal\/wp-json\/wp\/v2\/media\/64965"}],"wp:attachment":[{"href":"https:\/\/www.sudoestehoje.com.br\/novoportal\/wp-json\/wp\/v2\/media?parent=64962"}],"wp:term":[{"taxonomy":"category","embeddable":true,"href":"https:\/\/www.sudoestehoje.com.br\/novoportal\/wp-json\/wp\/v2\/categories?post=64962"},{"taxonomy":"post_tag","embeddable":true,"href":"https:\/\/www.sudoestehoje.com.br\/novoportal\/wp-json\/wp\/v2\/tags?post=64962"}],"curies":[{"name":"wp","href":"https:\/\/api.w.org\/{rel}","templated":true}]}}